{"id":12654,"date":"2026-08-31T17:47:55","date_gmt":"2026-08-31T20:47:55","guid":{"rendered":"https:\/\/paginacero.com.uy\/?p=12654"},"modified":"2026-08-31T17:47:55","modified_gmt":"2026-08-31T20:47:55","slug":"sastre-destaco-el-acuerdo-por-baygorria-y-pidio-conocer-en-que-etapa-se-encuentra-el-bypass-de-ciudad-del-carmen","status":"publish","type":"post","link":"https:\/\/paginacero.com.uy\/?p=12654","title":{"rendered":"Sastre destac\u00f3 el acuerdo por Baygorria y pidi\u00f3 conocer en qu\u00e9 etapa se encuentra el bypass de Ciudad del Carmen"},"content":{"rendered":"<p><strong>El edil Mart\u00edn Sastre, de la Lista 400 del Partido Nacional, abord\u00f3 tres temas durante su intervenci\u00f3n en la Junta Departamental: valor\u00f3 la creaci\u00f3n del nuevo Departamento de Capital Humano y Administraci\u00f3n de la Intendencia, celebr\u00f3 el acuerdo que permitir\u00e1 avanzar con los proyectos fotovoltaico y tur\u00edstico en Baygorria y reclam\u00f3 respuestas sobre el deterioro provocado por el tr\u00e1nsito pesado en Ciudad del Carmen.<\/strong><\/p>\n<p>por Enrique Antonio<!--more--><\/p>\n<p><strong>Valor\u00f3 la creaci\u00f3n del Departamento de Capital Humano<\/strong><\/p>\n<p>En primer lugar, Sastre destac\u00f3 el lanzamiento del nuevo Departamento de Capital Humano y Administraci\u00f3n de la Intendencia de Durazno, actividad de la que particip\u00f3 junto a autoridades departamentales.<\/p>\n<p>El edil consider\u00f3 que la nueva estructura permitir\u00e1 mejorar la gesti\u00f3n de los recursos humanos durante la administraci\u00f3n encabezada por el intendente Felipe Algorta.<\/p>\n<p>\u201cCuando las personas est\u00e1n bien, trabajan bien y est\u00e1n contenidas, todas las organizaciones mejoran su gesti\u00f3n\u201d, expres\u00f3 Sastre, quien manifest\u00f3 su expectativa de que los resultados de esta nueva organizaci\u00f3n puedan comenzar a observarse en el mediano plazo.<\/p>\n<p><strong>\u201cGan\u00f3 UTE, gan\u00f3 la Intendencia, pero por sobre todas las cosas ganamos todos los duraznenses\u201d<\/strong><\/p>\n<p>El segundo punto estuvo centrado en Baygorria, luego del anuncio realizado por el intendente y el vicepresidente de UTE sobre la continuidad de dos proyectos para la zona: la instalaci\u00f3n de una granja fotovoltaica y el desarrollo de un emprendimiento tur\u00edstico.<\/p>\n<p>Sastre celebr\u00f3 que ambas iniciativas puedan avanzar y puso el \u00e9nfasis en su potencial para generar inversi\u00f3n y puestos de trabajo.<\/p>\n<p>\u201cCreo que ac\u00e1 prima la camiseta de nosotros como duraznenses\u201d, afirm\u00f3, al se\u00f1alar que la generaci\u00f3n de empleo debe trascender las diferencias partidarias e ideol\u00f3gicas.<\/p>\n<p>Para el nacionalista, el acuerdo alcanzado representa una situaci\u00f3n en la que todas las partes resultan beneficiadas: \u201cGan\u00f3 UTE, gan\u00f3 la Intendencia, pero por sobre todas las cosas ganamos todos los duraznenses\u201d.<\/p>\n<p>Sastre sostuvo adem\u00e1s que los proyectos pueden contribuir a revitalizar Baygorria y convertir a la localidad en un punto de mayor relevancia para la econom\u00eda departamental. Particularmente, destac\u00f3 las posibilidades vinculadas al turismo, la pesca y otras actividades deportivas y recreativas asociadas al entorno de lagos y r\u00edos.<\/p>\n<p>Por este tema, solicit\u00f3 que sus palabras fueran remitidas al Directorio de UTE y al intendente departamental.<\/p>\n<p><strong>Tr\u00e1nsito pesado y deterioro en Ciudad del Carmen<\/strong><\/p>\n<p>En el \u00faltimo tramo de su intervenci\u00f3n, Sastre traslad\u00f3 un reclamo de vecinos de Ciudad del Carmen por el deterioro de las calles utilizadas por el tr\u00e1nsito pesado.<\/p>\n<p>Seg\u00fan expres\u00f3, por ese circuito estar\u00edan circulando diariamente entre 400 y 500 camiones, generando un impacto que requiere reparaciones y mantenimiento peri\u00f3dico.<\/p>\n<p>El edil record\u00f3 que la zona recibi\u00f3 una intervenci\u00f3n hace aproximadamente dos a\u00f1os y consider\u00f3 que actualmente es necesaria una nueva reparaci\u00f3n.<\/p>\n<p>Sin embargo, sostuvo que el problema tambi\u00e9n requiere avanzar en una soluci\u00f3n de mayor alcance y volvi\u00f3 a poner sobre la mesa el proyecto de un bypass para desviar el tr\u00e1nsito pesado fuera de la planta urbana de Ciudad del Carmen.<\/p>\n<p><strong>Pedido de informaci\u00f3n sobre el bypass<\/strong><\/p>\n<p><strong>\u00a0<\/strong>Sastre pidi\u00f3 al Ministerio de Transporte y Obras P\u00fablicas que informe en qu\u00e9 situaci\u00f3n se encuentra el proyecto que, seg\u00fan record\u00f3, prev\u00e9 conectar la continuaci\u00f3n de la Ruta 42 con la Ruta 14, a la altura de la zona de Tabar\u00e9.<\/p>\n<p>\u201c\u00bfEn qu\u00e9 tr\u00e1mite, en qu\u00e9 etapa est\u00e1 eso?\u201d, pregunt\u00f3 el edil, se\u00f1alando que existir\u00eda un proceso de expropiaci\u00f3n pero que actualmente desconocen cu\u00e1l es su estado.<\/p>\n<p>Por este planteo, solicit\u00f3 que sus palabras fueran remitidas al Ministerio de Transporte y Obras P\u00fablicas y a los dos diputados por el departamento de Durazno.<\/p>\n","protected":false},"excerpt":{"rendered":"<p>El edil Mart\u00edn Sastre, de la Lista 400 del Partido Nacional, abord\u00f3 tres temas durante su intervenci\u00f3n en la Junta Departamental: valor\u00f3 la creaci\u00f3n del nuevo Departamento de Capital Humano y Administraci\u00f3n de la Intendencia, celebr\u00f3 el acuerdo que permitir\u00e1 avanzar con los proyectos fotovoltaico y tur\u00edstico en Baygorria y reclam\u00f3 respuestas sobre el deterioro [&hellip;]<\/p>\n","protected":false},"author":4,"featured_media":12655,"comment_status":"open","ping_status":"open","sticky":false,"template":"","format":"standard","meta":{"footnotes":""},"categories":[5,29],"tags":[],"class_list":["post-12654","post","type-post","status-publish","format-standard","has-post-thumbnail","hentry","category-durazno","category-junta-departamental"],"_links":{"self":[{"href":"https:\/\/paginacero.com.uy\/index.php?rest_route=\/wp\/v2\/posts\/12654","targetHints":{"allow":["GET"]}}],"collection":[{"href":"https:\/\/paginacero.com.uy\/index.php?rest_route=\/wp\/v2\/posts"}],"about":[{"href":"https:\/\/paginacero.com.uy\/index.php?rest_route=\/wp\/v2\/types\/post"}],"author":[{"embeddable":true,"href":"https:\/\/paginacero.com.uy\/index.php?rest_route=\/wp\/v2\/users\/4"}],"replies":[{"embeddable":true,"href":"https:\/\/paginacero.com.uy\/index.php?rest_route=%2Fwp%2Fv2%2Fcomments&post=12654"}],"version-history":[{"count":1,"href":"https:\/\/paginacero.com.uy\/index.php?rest_route=\/wp\/v2\/posts\/12654\/revisions"}],"predecessor-version":[{"id":12656,"href":"https:\/\/paginacero.com.uy\/index.php?rest_route=\/wp\/v2\/posts\/12654\/revisions\/12656"}],"wp:featuredmedia":[{"embeddable":true,"href":"https:\/\/paginacero.com.uy\/index.php?rest_route=\/wp\/v2\/media\/12655"}],"wp:attachment":[{"href":"https:\/\/paginacero.com.uy\/index.php?rest_route=%2Fwp%2Fv2%2Fmedia&parent=12654"}],"wp:term":[{"taxonomy":"category","embeddable":true,"href":"https:\/\/paginacero.com.uy\/index.php?rest_route=%2Fwp%2Fv2%2Fcategories&post=12654"},{"taxonomy":"post_tag","embeddable":true,"href":"https:\/\/paginacero.com.uy\/index.php?rest_route=%2Fwp%2Fv2%2Ftags&post=12654"}],"curies":[{"name":"wp","href":"https:\/\/api.w.org\/{rel}","templated":true}]}}