{"id":12648,"date":"2026-08-31T17:39:06","date_gmt":"2026-08-31T20:39:06","guid":{"rendered":"https:\/\/paginacero.com.uy\/?p=12648"},"modified":"2026-08-31T17:39:06","modified_gmt":"2026-08-31T20:39:06","slug":"pablo-langone-planteo-mejoras-en-infraestructura-vial-y-seguridad-para-vecinos-y-transportistas","status":"publish","type":"post","link":"https:\/\/paginacero.com.uy\/?p=12648","title":{"rendered":"Pablo Langone plante\u00f3 mejoras en infraestructura vial y seguridad para vecinos y transportistas"},"content":{"rendered":"<p><strong>El edil Pablo Langone (Partido Nacional, Lista 2597), plante\u00f3 ante la Junta Departamental la necesidad de veredas en Orlando Giordano, iluminaci\u00f3n en Ruta 6 y Garita en Cerrezuelo.<\/strong><\/p>\n<p>por Enrique Antonio<!--more--><\/p>\n<p><strong>Solicitud de garita<\/strong><\/p>\n<p><strong>\u00a0<\/strong>Langone explic\u00f3 que la estructura habr\u00eda sido construida cuando ese tramo era atendido como camino vecinal por la Intendencia, pero que las modificaciones realizadas con la obra de la Ruta 6 dejaron la garita fuera del trazado actual.<\/p>\n<p>El edil consider\u00f3 que se trata de un resguardo necesario para quienes utilizan el transporte y solicit\u00f3 que se vuelva a construir una nueva parada, correctamente ubicada sobre la ruta.<\/p>\n<p>Las palabras fueron remitidas a la Oficina del Ministerio de Transporte y Obras P\u00fablicas en Durazno, al Ministerio de Transporte y Obras P\u00fablicas y a los diputados por el departamento.<\/p>\n<p><strong>Pidi\u00f3 una vereda para los vecinos de Orlando Giordano<\/strong><\/p>\n<p>En otro punto de su intervenci\u00f3n, Langone se hizo eco del reclamo de vecinos que transitan por calle Orlando Giordano, desde Maciel hasta el puente existente unos 300 metros m\u00e1s adelante.<\/p>\n<p>Se\u00f1al\u00f3 que la falta de vereda obliga a los peatones a caminar por la propia calle, generando una situaci\u00f3n de riesgo, especialmente durante los d\u00edas de lluvia y teniendo en cuenta el importante tr\u00e1nsito que existe en la zona.<\/p>\n<p>El edil solicit\u00f3 que se estudie la posibilidad de generar una soluci\u00f3n que permita una circulaci\u00f3n peatonal m\u00e1s segura.<\/p>\n<p>El planteamiento fue remitido a la Comisi\u00f3n de Obras de la Junta Departamental y al Ejecutivo Departamental, solicitando adem\u00e1s una respuesta formal y una soluci\u00f3n concreta.<\/p>\n<p><strong>Reiter\u00f3 pedido de iluminaci\u00f3n en Ruta 6 y corredor forestal<\/strong><\/p>\n<p>Finalmente, Langone record\u00f3 un pedido realizado el 9 de octubre del a\u00f1o pasado para iluminar la confluencia de la Ruta 6 con el corredor forestal, a la altura aproximada del kil\u00f3metro 278, en la zona de Paraje Verd\u00fan.<\/p>\n<p>Destac\u00f3 que se trata de un punto de importante circulaci\u00f3n, especialmente por el tr\u00e1nsito de camiones vinculados al transporte de madera, que circulan durante todo el d\u00eda y tambi\u00e9n en horario nocturno.<\/p>\n<p>El edil volvi\u00f3 a plantear la necesidad de mejorar la iluminaci\u00f3n del lugar para contribuir a la seguridad vial y de quienes transitan por esa zona.<\/p>\n<p>Sus palabras fueron remitidas a la Comisi\u00f3n de Obras de la Junta Departamental, a la Oficina del Ministerio de Transporte y Obras P\u00fablicas, al propio Ministerio y a los diputados por el departamento.<\/p>\n","protected":false},"excerpt":{"rendered":"<p>El edil Pablo Langone (Partido Nacional, Lista 2597), plante\u00f3 ante la Junta Departamental la necesidad de veredas en Orlando Giordano, iluminaci\u00f3n en Ruta 6 y Garita en Cerrezuelo. por Enrique Antonio<\/p>\n","protected":false},"author":4,"featured_media":12649,"comment_status":"open","ping_status":"open","sticky":false,"template":"","format":"standard","meta":{"footnotes":""},"categories":[5,29],"tags":[],"class_list":["post-12648","post","type-post","status-publish","format-standard","has-post-thumbnail","hentry","category-durazno","category-junta-departamental"],"_links":{"self":[{"href":"https:\/\/paginacero.com.uy\/index.php?rest_route=\/wp\/v2\/posts\/12648","targetHints":{"allow":["GET"]}}],"collection":[{"href":"https:\/\/paginacero.com.uy\/index.php?rest_route=\/wp\/v2\/posts"}],"about":[{"href":"https:\/\/paginacero.com.uy\/index.php?rest_route=\/wp\/v2\/types\/post"}],"author":[{"embeddable":true,"href":"https:\/\/paginacero.com.uy\/index.php?rest_route=\/wp\/v2\/users\/4"}],"replies":[{"embeddable":true,"href":"https:\/\/paginacero.com.uy\/index.php?rest_route=%2Fwp%2Fv2%2Fcomments&post=12648"}],"version-history":[{"count":1,"href":"https:\/\/paginacero.com.uy\/index.php?rest_route=\/wp\/v2\/posts\/12648\/revisions"}],"predecessor-version":[{"id":12650,"href":"https:\/\/paginacero.com.uy\/index.php?rest_route=\/wp\/v2\/posts\/12648\/revisions\/12650"}],"wp:featuredmedia":[{"embeddable":true,"href":"https:\/\/paginacero.com.uy\/index.php?rest_route=\/wp\/v2\/media\/12649"}],"wp:attachment":[{"href":"https:\/\/paginacero.com.uy\/index.php?rest_route=%2Fwp%2Fv2%2Fmedia&parent=12648"}],"wp:term":[{"taxonomy":"category","embeddable":true,"href":"https:\/\/paginacero.com.uy\/index.php?rest_route=%2Fwp%2Fv2%2Fcategories&post=12648"},{"taxonomy":"post_tag","embeddable":true,"href":"https:\/\/paginacero.com.uy\/index.php?rest_route=%2Fwp%2Fv2%2Ftags&post=12648"}],"curies":[{"name":"wp","href":"https:\/\/api.w.org\/{rel}","templated":true}]}}