{"id":12644,"date":"2026-08-31T17:31:24","date_gmt":"2026-08-31T20:31:24","guid":{"rendered":"https:\/\/paginacero.com.uy\/?p=12644"},"modified":"2026-08-31T17:31:24","modified_gmt":"2026-08-31T20:31:24","slug":"lerena-reclamo-una-reparacion-urgente-de-las-calles-del-barrio-sanducito","status":"publish","type":"post","link":"https:\/\/paginacero.com.uy\/?p=12644","title":{"rendered":"Lerena reclam\u00f3 una reparaci\u00f3n urgente de las calles del barrio Sanducito"},"content":{"rendered":"<p><strong>El edil Daniel Lerena, de la Lista 23 del Partido Colorado, traslad\u00f3 a la Junta Departamental el reclamo de vecinos del barrio Sanducito por el mal estado de varias calles de la zona. Se\u00f1al\u00f3 que las \u00faltimas lluvias agravaron una situaci\u00f3n que ya presentaba dificultades y solicit\u00f3 una intervenci\u00f3n de la Direcci\u00f3n de Obras.<\/strong><\/p>\n<p>por Enrique Antonio<!--more--><\/p>\n<p><strong>Calles que presentan dificultades para circular<\/strong><\/p>\n<p>Lerena explic\u00f3 que mantuvo reuniones con vecinos del barrio, quienes le manifestaron su preocupaci\u00f3n por el estado de las calles y solicitaron que se realicen reparaciones con car\u00e1cter urgente.<\/p>\n<p>Durante su intervenci\u00f3n mencion\u00f3, entre otras, las calles Carpinteros, Alba\u00f1iles y Oreste Zabala, adem\u00e1s de otros tramos hasta Giordano. Indic\u00f3 que existen problemas tanto en las calles de tierra como en aquellas que se encuentran asfaltadas.<\/p>\n<p>\u201cEn algunos tramos de las calles que mencion\u00e9 es imposible circular\u201d, afirm\u00f3 el edil.<\/p>\n<p>Seg\u00fan se\u00f1al\u00f3, aproximadamente la mitad de las calles de la zona son de tierra y la otra mitad est\u00e1n asfaltadas, pero ambas presentan dificultades. En el caso de las asfaltadas, mencion\u00f3 la existencia de pozos, mientras que en las calles sin pavimentar las condiciones de circulaci\u00f3n se han deteriorado considerablemente.<\/p>\n<p><strong>Las lluvias agravaron el estado del barrio<\/strong><\/p>\n<p>El representante colorado sostuvo que la problem\u00e1tica no es nueva, aunque las precipitaciones registradas durante las \u00faltimas semanas profundizaron el deterioro.<\/p>\n<p>\u201cTodo estaba mal ya, pero en estos d\u00edas con la lluvia [&#8230;] ha empeorado a\u00fan m\u00e1s la situaci\u00f3n\u201d, expres\u00f3.<\/p>\n<p>Lerena reconoci\u00f3 que la Comisi\u00f3n de Obras de la Junta Departamental ya estuvo recorriendo la zona, pero insisti\u00f3 en la necesidad de brindar una respuesta a los vecinos.<\/p>\n<p>En particular, consider\u00f3 que en las calles de tierra podr\u00eda realizarse una primera intervenci\u00f3n utilizando maquinaria de la Intendencia para recuperar condiciones m\u00ednimas de transitabilidad.<\/p>\n<p><strong>Solicit\u00f3 la intervenci\u00f3n de la Direcci\u00f3n de Obras<\/strong><\/p>\n<p>El edil pidi\u00f3 que la Direcci\u00f3n de Obras atienda el reclamo y se avance con la reparaci\u00f3n de las calles se\u00f1aladas.<\/p>\n<p>\u201cEntiendo que no es complejo solucionar el problema; ser\u00eda pasar la maquinaria de la Intendencia, por lo menos en las calles de tierra, para que puedan ser transitables\u201d, sostuvo.<\/p>\n<p>Lerena solicit\u00f3 que sus palabras fueran remitidas a la Comisi\u00f3n de Obras de la Junta Departamental, al director de Obras de la Intendencia y al intendente departamental, para que se tomen medidas ante la situaci\u00f3n planteada por los vecinos de Sanducito.<\/p>\n","protected":false},"excerpt":{"rendered":"<p>El edil Daniel Lerena, de la Lista 23 del Partido Colorado, traslad\u00f3 a la Junta Departamental el reclamo de vecinos del barrio Sanducito por el mal estado de varias calles de la zona. Se\u00f1al\u00f3 que las \u00faltimas lluvias agravaron una situaci\u00f3n que ya presentaba dificultades y solicit\u00f3 una intervenci\u00f3n de la Direcci\u00f3n de Obras. por [&hellip;]<\/p>\n","protected":false},"author":4,"featured_media":12645,"comment_status":"open","ping_status":"open","sticky":false,"template":"","format":"standard","meta":{"footnotes":""},"categories":[5,29],"tags":[],"class_list":["post-12644","post","type-post","status-publish","format-standard","has-post-thumbnail","hentry","category-durazno","category-junta-departamental"],"_links":{"self":[{"href":"https:\/\/paginacero.com.uy\/index.php?rest_route=\/wp\/v2\/posts\/12644","targetHints":{"allow":["GET"]}}],"collection":[{"href":"https:\/\/paginacero.com.uy\/index.php?rest_route=\/wp\/v2\/posts"}],"about":[{"href":"https:\/\/paginacero.com.uy\/index.php?rest_route=\/wp\/v2\/types\/post"}],"author":[{"embeddable":true,"href":"https:\/\/paginacero.com.uy\/index.php?rest_route=\/wp\/v2\/users\/4"}],"replies":[{"embeddable":true,"href":"https:\/\/paginacero.com.uy\/index.php?rest_route=%2Fwp%2Fv2%2Fcomments&post=12644"}],"version-history":[{"count":1,"href":"https:\/\/paginacero.com.uy\/index.php?rest_route=\/wp\/v2\/posts\/12644\/revisions"}],"predecessor-version":[{"id":12646,"href":"https:\/\/paginacero.com.uy\/index.php?rest_route=\/wp\/v2\/posts\/12644\/revisions\/12646"}],"wp:featuredmedia":[{"embeddable":true,"href":"https:\/\/paginacero.com.uy\/index.php?rest_route=\/wp\/v2\/media\/12645"}],"wp:attachment":[{"href":"https:\/\/paginacero.com.uy\/index.php?rest_route=%2Fwp%2Fv2%2Fmedia&parent=12644"}],"wp:term":[{"taxonomy":"category","embeddable":true,"href":"https:\/\/paginacero.com.uy\/index.php?rest_route=%2Fwp%2Fv2%2Fcategories&post=12644"},{"taxonomy":"post_tag","embeddable":true,"href":"https:\/\/paginacero.com.uy\/index.php?rest_route=%2Fwp%2Fv2%2Ftags&post=12644"}],"curies":[{"name":"wp","href":"https:\/\/api.w.org\/{rel}","templated":true}]}}