{"id":12641,"date":"2026-08-31T17:26:06","date_gmt":"2026-08-31T20:26:06","guid":{"rendered":"https:\/\/paginacero.com.uy\/?p=12641"},"modified":"2026-08-31T17:26:06","modified_gmt":"2026-08-31T20:26:06","slug":"leonardo-schol-reclamo-soluciones-para-ampliar-el-uso-del-estadio-juan-ramon-carrasco-en-sarandi-del-yi","status":"publish","type":"post","link":"https:\/\/paginacero.com.uy\/?p=12641","title":{"rendered":"Leonardo Schol reclam\u00f3 soluciones para ampliar el uso del estadio Juan Ram\u00f3n Carrasco en Sarand\u00ed del Y\u00ed"},"content":{"rendered":"<p><strong>El edil del Partido Nacional, Lista 400, plante\u00f3 la necesidad de generar alternativas para que los clubes puedan contar con m\u00e1s espacios deportivos y cuestion\u00f3 las expectativas sobre una eventual cancha sint\u00e9tica que no estar\u00eda presupuestada.<\/strong><\/p>\n<p>por Enrique Antonio<!--more--><\/p>\n<p>Durante la sesi\u00f3n de la Junta Departamental de Durazno, el edil Leonardo Schol (Partido Nacional, Lista 400) puso sobre la mesa la situaci\u00f3n que atraviesa el f\u00fatbol de Sarand\u00ed del Y\u00ed respecto al uso del estadio Juan Ram\u00f3n Carrasco.<\/p>\n<p>Schol se\u00f1al\u00f3 que el estadio tuvo recientemente una importante remodelaci\u00f3n de su cancha, pero actualmente su utilizaci\u00f3n se encuentra limitada debido a las medidas adoptadas para preservar el c\u00e9sped.<\/p>\n<p>En ese contexto, explic\u00f3 que la Liga de F\u00fatbol Mayor de Sarand\u00ed del Y\u00ed cuenta con seis clubes y alrededor de 600 deportistas, mientras que las categor\u00edas inferiores vienen utilizando como alternativa el denominado Camp\u00edn. Seg\u00fan indic\u00f3, este espacio no re\u00fane los requerimientos m\u00ednimos exigidos por OFI para la disputa de determinados campeonatos, aunque los clubes han recurrido a \u00e9l priorizando la continuidad de la actividad deportiva.<\/p>\n<p>El edil sostuvo que es necesario encontrar soluciones que permitan aprovechar la infraestructura existente y, al mismo tiempo, generar nuevos espacios para la pr\u00e1ctica deportiva.<\/p>\n<p>\u201cAntes que el c\u00e9sped est\u00e1 la salud mental y la ocupaci\u00f3n de nuestros adolescentes en el deporte\u201d, plante\u00f3 Schol.<\/p>\n<p>En su intervenci\u00f3n destac\u00f3 el rol que cumplen los clubes sociales y deportivos para mantener a los j\u00f3venes vinculados al deporte y alejados de situaciones de riesgo, se\u00f1alando que las instituciones realizan un importante esfuerzo econ\u00f3mico y humano para sostener sus actividades.<\/p>\n<p>Tambi\u00e9n record\u00f3 que, durante la reforma del estadio, los clubes debieron disputar encuentros como locales en Durazno y Florida, mientras que durante el campeonato anterior buena parte de la actividad debi\u00f3 trasladarse al Carmen, generando mayores costos para las instituciones.<\/p>\n<p><strong>\u00a0<\/strong><strong>La necesidad de generar nuevos espacios<\/strong><\/p>\n<p>Schol plante\u00f3 que la soluci\u00f3n no necesariamente ser\u00e1 inmediata, pero consider\u00f3 fundamental establecer un \u00e1mbito de trabajo conjunto entre el Municipio de Sarand\u00ed del Y\u00ed, la Intendencia, la Liga de F\u00fatbol y los clubes, buscando alternativas en terrenos p\u00fablicos, ministeriales o incluso privados.<\/p>\n<p>El objetivo, seg\u00fan explic\u00f3, deber\u00eda ser generar nuevos espacios deportivos que permitan descongestionar el estadio Juan Ram\u00f3n Carrasco y asegurar la continuidad de las actividades.<\/p>\n<p>Asimismo, pidi\u00f3 responsabilidad a la hora de generar expectativas ante la posibilidad de construir una cancha sint\u00e9tica. Se\u00f1al\u00f3 que, de acuerdo con la informaci\u00f3n que maneja, esa obra no est\u00e1 presupuestada ni planificada por el actual gobierno departamental, por lo que consider\u00f3 que anunciarse como una posibilidad concreta puede generar falsas expectativas y posteriormente frustraci\u00f3n.<\/p>\n<p>Finalmente, el edil exhort\u00f3 a establecer plazos, metas y compromisos concretos para avanzar en una soluci\u00f3n que permita que el deporte contin\u00fae desarroll\u00e1ndose en Sarand\u00ed del Y\u00ed.<\/p>\n<p>Schol solicit\u00f3 que sus palabras fueran remitidas a la Comisi\u00f3n de Deporte, a la Direcci\u00f3n de Promoci\u00f3n Social de la Intendencia y al intendente departamental.<\/p>\n","protected":false},"excerpt":{"rendered":"<p>El edil del Partido Nacional, Lista 400, plante\u00f3 la necesidad de generar alternativas para que los clubes puedan contar con m\u00e1s espacios deportivos y cuestion\u00f3 las expectativas sobre una eventual cancha sint\u00e9tica que no estar\u00eda presupuestada. por Enrique Antonio<\/p>\n","protected":false},"author":4,"featured_media":12642,"comment_status":"open","ping_status":"open","sticky":false,"template":"","format":"standard","meta":{"footnotes":""},"categories":[5,29],"tags":[],"class_list":["post-12641","post","type-post","status-publish","format-standard","has-post-thumbnail","hentry","category-durazno","category-junta-departamental"],"_links":{"self":[{"href":"https:\/\/paginacero.com.uy\/index.php?rest_route=\/wp\/v2\/posts\/12641","targetHints":{"allow":["GET"]}}],"collection":[{"href":"https:\/\/paginacero.com.uy\/index.php?rest_route=\/wp\/v2\/posts"}],"about":[{"href":"https:\/\/paginacero.com.uy\/index.php?rest_route=\/wp\/v2\/types\/post"}],"author":[{"embeddable":true,"href":"https:\/\/paginacero.com.uy\/index.php?rest_route=\/wp\/v2\/users\/4"}],"replies":[{"embeddable":true,"href":"https:\/\/paginacero.com.uy\/index.php?rest_route=%2Fwp%2Fv2%2Fcomments&post=12641"}],"version-history":[{"count":1,"href":"https:\/\/paginacero.com.uy\/index.php?rest_route=\/wp\/v2\/posts\/12641\/revisions"}],"predecessor-version":[{"id":12643,"href":"https:\/\/paginacero.com.uy\/index.php?rest_route=\/wp\/v2\/posts\/12641\/revisions\/12643"}],"wp:featuredmedia":[{"embeddable":true,"href":"https:\/\/paginacero.com.uy\/index.php?rest_route=\/wp\/v2\/media\/12642"}],"wp:attachment":[{"href":"https:\/\/paginacero.com.uy\/index.php?rest_route=%2Fwp%2Fv2%2Fmedia&parent=12641"}],"wp:term":[{"taxonomy":"category","embeddable":true,"href":"https:\/\/paginacero.com.uy\/index.php?rest_route=%2Fwp%2Fv2%2Fcategories&post=12641"},{"taxonomy":"post_tag","embeddable":true,"href":"https:\/\/paginacero.com.uy\/index.php?rest_route=%2Fwp%2Fv2%2Ftags&post=12641"}],"curies":[{"name":"wp","href":"https:\/\/api.w.org\/{rel}","templated":true}]}}