{"id":12638,"date":"2026-08-31T17:21:51","date_gmt":"2026-08-31T20:21:51","guid":{"rendered":"https:\/\/paginacero.com.uy\/?p=12638"},"modified":"2026-08-31T17:21:51","modified_gmt":"2026-08-31T20:21:51","slug":"jose-rizzo-reclamo-mejoras-en-infraestructura-vial-seguridad-y-saneamiento-en-el-interior-del-departamento","status":"publish","type":"post","link":"https:\/\/paginacero.com.uy\/?p=12638","title":{"rendered":"Jos\u00e9 Rizzo reclam\u00f3 mejoras en infraestructura vial, seguridad y saneamiento en el interior del departamento"},"content":{"rendered":"<p><strong>El edil del Frente Amplio, Lista 1971, plante\u00f3 la necesidad de avanzar con una soluci\u00f3n para el tr\u00e1nsito pesado en Carmen, solicit\u00f3 un refugio para usuarios del transporte p\u00fablico y pidi\u00f3 evaluar la instalaci\u00f3n de un destacamento de Polic\u00eda Caminera en la zona de Estaci\u00f3n Tabar\u00e9.<\/strong><\/p>\n<p>por Enrique Antonio<!--more--><\/p>\n<p>Durante la sesi\u00f3n de la Junta Departamental de Durazno, el edil Jos\u00e9 Rizzo (Frente Amplio, Lista 1971) abord\u00f3 distintos planteos vinculados a infraestructura, tr\u00e1nsito y servicios en localidades del departamento.<\/p>\n<p><strong>Tr\u00e1nsito pesado y una posible alternativa para El Carmen<\/strong><\/p>\n<p>Rizzo se refiri\u00f3 al deterioro que presenta el tramo de Joaqu\u00edn Su\u00e1rez, en la ciudad del Carmen, particularmente afectado por el tr\u00e1nsito pesado.<\/p>\n<p>Record\u00f3 que, tras la remodelaci\u00f3n de la Ruta 14 en el marco del denominado Circuito Vial 3, este tramo hab\u00eda quedado fuera de las obras. Se\u00f1al\u00f3 que posteriormente, luego de numerosos reclamos de vecinos y planteos realizados en la Junta Departamental, se busc\u00f3 una soluci\u00f3n para el sector.<\/p>\n<p>En ese sentido, record\u00f3 adem\u00e1s el compromiso asumido en su momento por el entonces ministro de Transporte, Jos\u00e9 Luis Falero, respecto a la posibilidad de expropiar terrenos y realizar un trazado alternativo o bypass que permitiera desviar parte del tr\u00e1nsito pesado de la zona urbana.<\/p>\n<p>Rizzo manifest\u00f3 que se suma al planteo realizado previamente por el edil Leonardo Schol para solicitar informaci\u00f3n sobre la situaci\u00f3n de ese proyecto.<\/p>\n<p><strong>Pedido de un refugio para usuarios del transporte p\u00fablico<\/strong><\/p>\n<p>El edil tambi\u00e9n traslad\u00f3 un reclamo de vecinos de Carmen, quienes solicitan la instalaci\u00f3n de un refugio para usuarios del transporte p\u00fablico en el kil\u00f3metro 236,500, en una zona conocida como Parada Agaste, pr\u00f3xima al tr\u00e1nsito pesado y frente al sector donde se encuentra una balanza.<\/p>\n<p>Rizzo fundament\u00f3 la necesidad de mejorar las condiciones para quienes utilizan el transporte p\u00fablico en un punto donde existe un importante flujo vehicular.<\/p>\n<p>En ese sentido, hizo referencia a las proyecciones realizadas durante la licitaci\u00f3n de 2016 sobre el tr\u00e1nsito que circular\u00eda por la Ruta Nacional 14. Seg\u00fan los datos mencionados en sala, para 2019 se estimaba un movimiento de aproximadamente 837 veh\u00edculos diarios, mientras que para 2026 se proyectaba una cifra cercana a los 1.000 veh\u00edculos por d\u00eda.<\/p>\n<p>Para el edil, este crecimiento del tr\u00e1nsito vuelve a\u00fan m\u00e1s necesaria la b\u00fasqueda de soluciones para mejorar la circulaci\u00f3n y la seguridad en el entorno de Carmen.<\/p>\n<p><strong>Destacamento de Polic\u00eda Caminera en Estaci\u00f3n Tabar\u00e9<\/strong><\/p>\n<p>Otro de los planteos estuvo relacionado con la situaci\u00f3n del tr\u00e1nsito en la zona de Estaci\u00f3n Tabar\u00e9, en el departamento de Florida, donde Rizzo se\u00f1al\u00f3 que existe un predio perteneciente al Ministerio del Interior y a la Jefatura de Polic\u00eda de Florida.<\/p>\n<p>El edil propuso evaluar la posibilidad de instalar all\u00ed un destacamento de Polic\u00eda Caminera, argumentando que se trata de una zona de tr\u00e1nsito elevado y que en determinados momentos se registran situaciones de desorden y circulaci\u00f3n de veh\u00edculos que no cumplir\u00edan con las normas de seguridad.<\/p>\n<p>Tambi\u00e9n se\u00f1al\u00f3 que, pese a la existencia de un p\u00f3rtico en el nuevo bypass, algunos veh\u00edculos contin\u00faan utilizando el antiguo puente de hierro, donde, seg\u00fan sostuvo, se producen incumplimientos de la normativa.<\/p>\n<p>Rizzo consider\u00f3 que un destacamento en esa zona no solo contribuir\u00eda al control del tr\u00e1nsito, sino tambi\u00e9n a mejorar la seguridad del lugar.<\/p>\n<p><strong>Saneamiento en Sarand\u00ed del Y\u00ed<\/strong><\/p>\n<p>Finalmente, el edil se refiri\u00f3 a la comunicaci\u00f3n realizada por el Municipio de Sarand\u00ed del Y\u00ed dirigida a vecinos interesados en contar con conexiones domiciliarias de saneamiento.<\/p>\n<p>Rizzo se\u00f1al\u00f3 que se est\u00e1 invitando a quienes tengan inter\u00e9s en conectarse a concurrir a las oficinas del municipio para manifestar su voluntad.<\/p>\n<p>Al respecto, plante\u00f3 la necesidad de que esta iniciativa se concrete y no quede solamente en un anuncio. A su vez, diferenci\u00f3 esta situaci\u00f3n de la obra de la planta de tratamiento de residuos de saneamiento, cuya ejecuci\u00f3n ya se ha iniciado en la localidad.<\/p>\n<p>Rizzo solicit\u00f3 que sus palabras fueran remitidas al Ministerio de Transporte y Obras P\u00fablicas, al Ministerio del Interior, a la Direcci\u00f3n de Polic\u00eda Caminera, a la Comisi\u00f3n de Obras de la Junta Departamental y a los representantes nacionales del departamento, seg\u00fan correspond\u00eda a cada uno de sus planteos<\/p>\n","protected":false},"excerpt":{"rendered":"<p>El edil del Frente Amplio, Lista 1971, plante\u00f3 la necesidad de avanzar con una soluci\u00f3n para el tr\u00e1nsito pesado en Carmen, solicit\u00f3 un refugio para usuarios del transporte p\u00fablico y pidi\u00f3 evaluar la instalaci\u00f3n de un destacamento de Polic\u00eda Caminera en la zona de Estaci\u00f3n Tabar\u00e9. por Enrique Antonio<\/p>\n","protected":false},"author":4,"featured_media":12639,"comment_status":"open","ping_status":"open","sticky":false,"template":"","format":"standard","meta":{"footnotes":""},"categories":[5,29],"tags":[],"class_list":["post-12638","post","type-post","status-publish","format-standard","has-post-thumbnail","hentry","category-durazno","category-junta-departamental"],"_links":{"self":[{"href":"https:\/\/paginacero.com.uy\/index.php?rest_route=\/wp\/v2\/posts\/12638","targetHints":{"allow":["GET"]}}],"collection":[{"href":"https:\/\/paginacero.com.uy\/index.php?rest_route=\/wp\/v2\/posts"}],"about":[{"href":"https:\/\/paginacero.com.uy\/index.php?rest_route=\/wp\/v2\/types\/post"}],"author":[{"embeddable":true,"href":"https:\/\/paginacero.com.uy\/index.php?rest_route=\/wp\/v2\/users\/4"}],"replies":[{"embeddable":true,"href":"https:\/\/paginacero.com.uy\/index.php?rest_route=%2Fwp%2Fv2%2Fcomments&post=12638"}],"version-history":[{"count":1,"href":"https:\/\/paginacero.com.uy\/index.php?rest_route=\/wp\/v2\/posts\/12638\/revisions"}],"predecessor-version":[{"id":12640,"href":"https:\/\/paginacero.com.uy\/index.php?rest_route=\/wp\/v2\/posts\/12638\/revisions\/12640"}],"wp:featuredmedia":[{"embeddable":true,"href":"https:\/\/paginacero.com.uy\/index.php?rest_route=\/wp\/v2\/media\/12639"}],"wp:attachment":[{"href":"https:\/\/paginacero.com.uy\/index.php?rest_route=%2Fwp%2Fv2%2Fmedia&parent=12638"}],"wp:term":[{"taxonomy":"category","embeddable":true,"href":"https:\/\/paginacero.com.uy\/index.php?rest_route=%2Fwp%2Fv2%2Fcategories&post=12638"},{"taxonomy":"post_tag","embeddable":true,"href":"https:\/\/paginacero.com.uy\/index.php?rest_route=%2Fwp%2Fv2%2Ftags&post=12638"}],"curies":[{"name":"wp","href":"https:\/\/api.w.org\/{rel}","templated":true}]}}