{"id":12635,"date":"2026-08-31T17:19:05","date_gmt":"2026-08-31T20:19:05","guid":{"rendered":"https:\/\/paginacero.com.uy\/?p=12635"},"modified":"2026-08-31T17:19:05","modified_gmt":"2026-08-31T20:19:05","slug":"gabriel-montes-de-oca-cuestiono-la-falta-de-informacion-sobre-un-cargo-creado-para-el-ordenamiento-territorial","status":"publish","type":"post","link":"https:\/\/paginacero.com.uy\/?p=12635","title":{"rendered":"Gabriel Montes de Oca cuestion\u00f3 la falta de informaci\u00f3n sobre un cargo creado para el ordenamiento territorial"},"content":{"rendered":"<p><strong>El edil del Partido Colorado, Lista 318, present\u00f3 un pedido de informes para conocer el estado actual, la radicaci\u00f3n funcional y las actuaciones del cargo de Coordinador de Ordenamiento Territorial y Desarrollo Sostenible de la Intendencia de Durazno.<\/strong><\/p>\n<p>por Enrique Antonio<!--more--><\/p>\n<p>Durante la sesi\u00f3n de la Junta Departamental de Durazno, el edil Gabriel Montes de Oca (Partido Colorado, Lista 318) present\u00f3 un pedido de informes relacionado con el funcionamiento del cargo de Coordinador de Ordenamiento Territorial y Desarrollo Sostenible, creado en el presupuesto quinquenal de la Intendencia de Durazno.<\/p>\n<p>Montes de Oca record\u00f3 que vot\u00f3 el presupuesto departamental y se\u00f1al\u00f3 que, como integrante de la Junta, entiende que tambi\u00e9n tiene la responsabilidad de ejercer el correspondiente control sobre su ejecuci\u00f3n.<\/p>\n<p>El pedido de informes fue presentado al amparo del art\u00edculo 284 de la Constituci\u00f3n de la Rep\u00fablica y del art\u00edculo 81, literal D, del Reglamento Interno de la Junta Departamental de Durazno.<\/p>\n<p><strong>Solicitud de informaci\u00f3n<\/strong><\/p>\n<p>El edil solicit\u00f3 conocer el estado actual, la radicaci\u00f3n funcional y las actuaciones vinculadas al cargo de Coordinador de Ordenamiento Territorial y Desarrollo Sostenible.<\/p>\n<p>Seg\u00fan explic\u00f3, el Decreto Departamental N.\u00ba 2707 de 2026, mediante el cual se aprob\u00f3 el presupuesto quinquenal de la Intendencia, estableci\u00f3 en su art\u00edculo 32, literal K, la creaci\u00f3n de dicho cargo, equivalente al grado 9, aprobado por la Junta Departamental con 28 votos afirmativos en 31.<\/p>\n<p>Montes de Oca sostuvo que la creaci\u00f3n del cargo ten\u00eda como finalidad dotar a la administraci\u00f3n departamental de una herramienta jerarquizada para dar cumplimiento a la Ley N.\u00ba 18.308 de Ordenamiento Territorial y Desarrollo Sostenible, incluyendo mecanismos de contralor vinculados a lo que defini\u00f3 como una posible polic\u00eda territorial.<\/p>\n<p>El edil mencion\u00f3 adem\u00e1s la designaci\u00f3n del arquitecto Diego Capandegui en tareas de asesoramiento y direcci\u00f3n en la materia, pero se\u00f1al\u00f3 que, hasta el momento, no cuenta con informaci\u00f3n sobre los actos administrativos concretos relacionados con el nombramiento presupuestal, la efectiva toma de posesi\u00f3n del cargo ni las intervenciones realizadas.<\/p>\n<p><strong>Reclamo por situaciones urban\u00edsticas<\/strong><\/p>\n<p>Montes de Oca vincul\u00f3 esta falta de informaci\u00f3n con distintas situaciones urban\u00edsticas que, seg\u00fan plante\u00f3, requieren actuaci\u00f3n de la administraci\u00f3n departamental.<\/p>\n<p>Durante su intervenci\u00f3n mencion\u00f3 denuncias e irregularidades en distintos puntos de la ciudad, entre ellos padrones ubicados en la zona de Emilio Ega\u00f1a, as\u00ed como sectores de Emilio Rossi y Camino General Liber Seregni y la intersecci\u00f3n de Emilio Rossi.<\/p>\n<p>El edil expres\u00f3 especialmente su preocupaci\u00f3n por la situaci\u00f3n de personas que, ante la crisis generada por las inundaciones, buscan terrenos para construir y necesitan contar con asesoramiento y respuestas claras por parte de la administraci\u00f3n.<\/p>\n<p>Tambi\u00e9n hizo referencia a un recorrido realizado por la Comisi\u00f3n de Obras para analizar tr\u00e1mites que est\u00e1n siendo derivados a ese \u00e1mbito, se\u00f1alando que pudo constatar personalmente situaciones en las que, seg\u00fan afirm\u00f3, se brinda informaci\u00f3n insuficiente a los vecinos.<\/p>\n<p>\u201cNo hemos tenido una informaci\u00f3n y un asesoramiento\u201d<\/p>\n<p>Montes de Oca cuestion\u00f3 que, pese a que la Junta aprob\u00f3 la creaci\u00f3n del cargo en el presupuesto quinquenal, no se haya recibido informaci\u00f3n suficiente sobre su funcionamiento y las respuestas que se est\u00e1n brindando a la poblaci\u00f3n.<\/p>\n<p>\u201cYo ac\u00e1 vot\u00e9 en el presupuesto quinquenal de la Intendencia un cargo grado 9 y no hemos tenido una informaci\u00f3n y un asesoramiento y una respuesta para el pueblo de Durazno\u201d, manifest\u00f3.<\/p>\n<p>El edil sostuvo que la situaci\u00f3n resulta especialmente preocupante frente a las necesidades de ciudadanos que buscan regularizar o concretar soluciones habitacionales y requieren orientaci\u00f3n en materia de ordenamiento territorial.<\/p>\n<p>Montes de Oca present\u00f3 el pedido de informes dirigido a la Intendencia Departamental de Durazno, solicitando informaci\u00f3n sobre la provisi\u00f3n, estado actual, radicaci\u00f3n funcional y actuaciones del cargo de Coordinador de Ordenamiento Territorial y Desarrollo Sostenible.<\/p>\n","protected":false},"excerpt":{"rendered":"<p>El edil del Partido Colorado, Lista 318, present\u00f3 un pedido de informes para conocer el estado actual, la radicaci\u00f3n funcional y las actuaciones del cargo de Coordinador de Ordenamiento Territorial y Desarrollo Sostenible de la Intendencia de Durazno. por Enrique Antonio<\/p>\n","protected":false},"author":4,"featured_media":12636,"comment_status":"open","ping_status":"open","sticky":false,"template":"","format":"standard","meta":{"footnotes":""},"categories":[5,29],"tags":[],"class_list":["post-12635","post","type-post","status-publish","format-standard","has-post-thumbnail","hentry","category-durazno","category-junta-departamental"],"_links":{"self":[{"href":"https:\/\/paginacero.com.uy\/index.php?rest_route=\/wp\/v2\/posts\/12635","targetHints":{"allow":["GET"]}}],"collection":[{"href":"https:\/\/paginacero.com.uy\/index.php?rest_route=\/wp\/v2\/posts"}],"about":[{"href":"https:\/\/paginacero.com.uy\/index.php?rest_route=\/wp\/v2\/types\/post"}],"author":[{"embeddable":true,"href":"https:\/\/paginacero.com.uy\/index.php?rest_route=\/wp\/v2\/users\/4"}],"replies":[{"embeddable":true,"href":"https:\/\/paginacero.com.uy\/index.php?rest_route=%2Fwp%2Fv2%2Fcomments&post=12635"}],"version-history":[{"count":1,"href":"https:\/\/paginacero.com.uy\/index.php?rest_route=\/wp\/v2\/posts\/12635\/revisions"}],"predecessor-version":[{"id":12637,"href":"https:\/\/paginacero.com.uy\/index.php?rest_route=\/wp\/v2\/posts\/12635\/revisions\/12637"}],"wp:featuredmedia":[{"embeddable":true,"href":"https:\/\/paginacero.com.uy\/index.php?rest_route=\/wp\/v2\/media\/12636"}],"wp:attachment":[{"href":"https:\/\/paginacero.com.uy\/index.php?rest_route=%2Fwp%2Fv2%2Fmedia&parent=12635"}],"wp:term":[{"taxonomy":"category","embeddable":true,"href":"https:\/\/paginacero.com.uy\/index.php?rest_route=%2Fwp%2Fv2%2Fcategories&post=12635"},{"taxonomy":"post_tag","embeddable":true,"href":"https:\/\/paginacero.com.uy\/index.php?rest_route=%2Fwp%2Fv2%2Ftags&post=12635"}],"curies":[{"name":"wp","href":"https:\/\/api.w.org\/{rel}","templated":true}]}}