{"id":10761,"date":"2026-04-30T17:27:36","date_gmt":"2026-04-30T20:27:36","guid":{"rendered":"https:\/\/paginacero.com.uy\/?p=10761"},"modified":"2026-04-30T17:27:36","modified_gmt":"2026-04-30T20:27:36","slug":"servicios-afectados-en-virtud-al-dia-de-los-trabajadores","status":"publish","type":"post","link":"https:\/\/paginacero.com.uy\/?p=10761","title":{"rendered":"Servicios afectados en virtud al D\u00eda de los Trabajadores"},"content":{"rendered":"<p>En virtud del asueto por el\u00a0<strong>D\u00eda de los Trabajadores<\/strong>; el Gobierno de Durazno, a trav\u00e9s del Departamento de Servicios, informa a la poblaci\u00f3n que el<strong>\u00a0viernes 1\u00b0 de mayo<\/strong>\u00a0<strong>no se realizar\u00e1 el servicio de recolecci\u00f3n de residuos<\/strong>, por lo que se solicita la\u00a0<strong>colaboraci\u00f3n de los vecinos<\/strong>\u00a0para evitar el\u00a0<strong>desborde en los contenedores,<\/strong>\u00a0teniendo presente que una ciudad limpia\u00a0<strong>es responsabilidad de todos.<\/strong><!--more--><\/p>\n<p>En la ma\u00f1ana del\u00a0<strong>s\u00e1bado 2<\/strong>\u00a0<strong>se retomar\u00e1 la recolecci\u00f3n en horarios y frecuencias habituales.<\/strong><\/p>\n<p><strong>Bioparque abierto al p\u00fablico<\/strong><\/p>\n<p>Durante la jornada del viernes 1\u00b0 de mayo, el\u00a0<strong>Bioparque \u201cWashington Rodr\u00edguez Piquinela\u201d<\/strong>\u00a0permanecer\u00e1 abierto al p\u00fablico en el horario comprendido entre\u00a0<strong>11:00 a 18:00 horas.<\/strong><\/p>\n<p><strong>Horario especial en Necr\u00f3polis<\/strong><\/p>\n<p>En virtud del D\u00eda de los Trabajadores, la Necr\u00f3polis de la ciudad de Durazno tendr\u00e1 un\u00a0<strong>horario especial<\/strong>, comprendido entre las\u00a0<strong>09:00 y las 13:00 horas.<\/strong><\/p>\n<p><strong>Parque de La Hispanidad abierto<\/strong><\/p>\n<p>El Parque de la Hispanidad \u201cDr. Ra\u00fal Iturria Igarz\u00e1bal\u201d permanecer\u00e1<strong>\u00a0abierto como todos los d\u00edas\u00a0<\/strong>en su horario habitual\u00a0<strong>a partir de las 07:00 horas.<\/strong><\/p>\n","protected":false},"excerpt":{"rendered":"<p>En virtud del asueto por el\u00a0D\u00eda de los Trabajadores; el Gobierno de Durazno, a trav\u00e9s del Departamento de Servicios, informa a la poblaci\u00f3n que el\u00a0viernes 1\u00b0 de mayo\u00a0no se realizar\u00e1 el servicio de recolecci\u00f3n de residuos, por lo que se solicita la\u00a0colaboraci\u00f3n de los vecinos\u00a0para evitar el\u00a0desborde en los contenedores,\u00a0teniendo presente que una ciudad limpia\u00a0es [&hellip;]<\/p>\n","protected":false},"author":4,"featured_media":10762,"comment_status":"closed","ping_status":"closed","sticky":false,"template":"","format":"standard","meta":{"_monsterinsights_skip_tracking":false,"_monsterinsights_sitenote_active":false,"_monsterinsights_sitenote_note":"","_monsterinsights_sitenote_category":0,"footnotes":""},"categories":[5],"tags":[],"class_list":["post-10761","post","type-post","status-publish","format-standard","has-post-thumbnail","hentry","category-durazno"],"_links":{"self":[{"href":"https:\/\/paginacero.com.uy\/index.php?rest_route=\/wp\/v2\/posts\/10761","targetHints":{"allow":["GET"]}}],"collection":[{"href":"https:\/\/paginacero.com.uy\/index.php?rest_route=\/wp\/v2\/posts"}],"about":[{"href":"https:\/\/paginacero.com.uy\/index.php?rest_route=\/wp\/v2\/types\/post"}],"author":[{"embeddable":true,"href":"https:\/\/paginacero.com.uy\/index.php?rest_route=\/wp\/v2\/users\/4"}],"replies":[{"embeddable":true,"href":"https:\/\/paginacero.com.uy\/index.php?rest_route=%2Fwp%2Fv2%2Fcomments&post=10761"}],"version-history":[{"count":1,"href":"https:\/\/paginacero.com.uy\/index.php?rest_route=\/wp\/v2\/posts\/10761\/revisions"}],"predecessor-version":[{"id":10763,"href":"https:\/\/paginacero.com.uy\/index.php?rest_route=\/wp\/v2\/posts\/10761\/revisions\/10763"}],"wp:featuredmedia":[{"embeddable":true,"href":"https:\/\/paginacero.com.uy\/index.php?rest_route=\/wp\/v2\/media\/10762"}],"wp:attachment":[{"href":"https:\/\/paginacero.com.uy\/index.php?rest_route=%2Fwp%2Fv2%2Fmedia&parent=10761"}],"wp:term":[{"taxonomy":"category","embeddable":true,"href":"https:\/\/paginacero.com.uy\/index.php?rest_route=%2Fwp%2Fv2%2Fcategories&post=10761"},{"taxonomy":"post_tag","embeddable":true,"href":"https:\/\/paginacero.com.uy\/index.php?rest_route=%2Fwp%2Fv2%2Ftags&post=10761"}],"curies":[{"name":"wp","href":"https:\/\/api.w.org\/{rel}","templated":true}]}}