{"id":10757,"date":"2026-04-30T17:05:49","date_gmt":"2026-04-30T20:05:49","guid":{"rendered":"https:\/\/paginacero.com.uy\/?p=10757"},"modified":"2026-04-30T17:18:53","modified_gmt":"2026-04-30T20:18:53","slug":"el-trabajo-y-sus-derechos-una-lucha-que-sigue-vigente","status":"publish","type":"post","link":"https:\/\/paginacero.com.uy\/?p=10757","title":{"rendered":"El trabajo y sus derechos, una lucha que sigue vigente"},"content":{"rendered":"<p><strong>Este 1\u00ba de mayo se conmemora el D\u00eda Internacional de los Trabajadores, una jornada que trasciende el saludo y remite a una historia de lucha, organizaci\u00f3n y conquistas laborales que marcaron el rumbo de las sociedades modernas.<\/strong><\/p>\n<p>ph A Roman<\/p>\n<p><!--more--><\/p>\n<p>El origen del D\u00eda Internacional de los Trabajadores se remonta a fines del siglo XIX, en un contexto de profundas desigualdades laborales. En ciudades industriales como Chicago, miles de obreros trabajaban jornadas de hasta 16 horas diarias, en condiciones precarias y sin derechos b\u00e1sicos.<br \/>\nEl 1\u00ba de mayo de 1886, sindicatos y organizaciones obreras de Estados Unidos iniciaron una huelga masiva con un reclamo claro: la reducci\u00f3n de la jornada laboral a ocho horas. Durante varios d\u00edas, las protestas se extendieron por distintas ciudades, con una fuerte concentraci\u00f3n en Chicago.<\/p>\n<p>El conflicto alcanz\u00f3 su punto m\u00e1s cr\u00edtico el 4 de mayo de ese a\u00f1o, durante una manifestaci\u00f3n en la plaza Haymarket. All\u00ed, una explosi\u00f3n y la posterior represi\u00f3n policial dejaron muertos y heridos. A ra\u00edz de estos hechos, varios dirigentes obreros fueron juzgados y ejecutados, convirti\u00e9ndose en s\u00edmbolo de la lucha por los derechos laborales.<br \/>\nEn 1889, durante un congreso de la Segunda Internacional en Par\u00eds, se resolvi\u00f3 establecer el 1\u00ba de mayo como jornada internacional de reivindicaci\u00f3n de los trabajadores, en homenaje a aquellos hechos y a quienes hab\u00edan luchado por mejores condiciones laborales.<\/p>\n<p>Con el paso del tiempo, la fecha se consolid\u00f3 en gran parte del mundo como un d\u00eda de conmemoraci\u00f3n, reflexi\u00f3n y reivindicaci\u00f3n. En pa\u00edses como Uruguay, el 1\u00ba de mayo tambi\u00e9n est\u00e1 marcado por movilizaciones, actos y espacios de encuentro donde se ponen sobre la mesa los desaf\u00edos actuales del mundo del trabajo.<br \/>\nHoy, m\u00e1s de un siglo despu\u00e9s, el significado del 1\u00ba de mayo sigue vigente. Las formas de trabajo han cambiado, pero persisten debates sobre condiciones laborales, derechos, equidad y dignidad. En ese marco, la fecha no solo invita a recordar el pasado, sino tambi\u00e9n a pensar el presente y proyectar el futuro.<br \/>\nEn definitiva, el D\u00eda de los Trabajadores es mucho m\u00e1s que una efem\u00e9ride: es un reconocimiento a quienes, desde distintos lugares, sostienen la vida cotidiana con su esfuerzo, su compromiso y su trabajo.<\/p>\n","protected":false},"excerpt":{"rendered":"<p>Este 1\u00ba de mayo se conmemora el D\u00eda Internacional de los Trabajadores, una jornada que trasciende el saludo y remite a una historia de lucha, organizaci\u00f3n y conquistas laborales que marcaron el rumbo de las sociedades modernas. ph A Roman<\/p>\n","protected":false},"author":4,"featured_media":10758,"comment_status":"closed","ping_status":"closed","sticky":false,"template":"","format":"standard","meta":{"_monsterinsights_skip_tracking":false,"_monsterinsights_sitenote_active":false,"_monsterinsights_sitenote_note":"","_monsterinsights_sitenote_category":0,"footnotes":""},"categories":[5],"tags":[],"class_list":["post-10757","post","type-post","status-publish","format-standard","has-post-thumbnail","hentry","category-durazno"],"_links":{"self":[{"href":"https:\/\/paginacero.com.uy\/index.php?rest_route=\/wp\/v2\/posts\/10757","targetHints":{"allow":["GET"]}}],"collection":[{"href":"https:\/\/paginacero.com.uy\/index.php?rest_route=\/wp\/v2\/posts"}],"about":[{"href":"https:\/\/paginacero.com.uy\/index.php?rest_route=\/wp\/v2\/types\/post"}],"author":[{"embeddable":true,"href":"https:\/\/paginacero.com.uy\/index.php?rest_route=\/wp\/v2\/users\/4"}],"replies":[{"embeddable":true,"href":"https:\/\/paginacero.com.uy\/index.php?rest_route=%2Fwp%2Fv2%2Fcomments&post=10757"}],"version-history":[{"count":2,"href":"https:\/\/paginacero.com.uy\/index.php?rest_route=\/wp\/v2\/posts\/10757\/revisions"}],"predecessor-version":[{"id":10760,"href":"https:\/\/paginacero.com.uy\/index.php?rest_route=\/wp\/v2\/posts\/10757\/revisions\/10760"}],"wp:featuredmedia":[{"embeddable":true,"href":"https:\/\/paginacero.com.uy\/index.php?rest_route=\/wp\/v2\/media\/10758"}],"wp:attachment":[{"href":"https:\/\/paginacero.com.uy\/index.php?rest_route=%2Fwp%2Fv2%2Fmedia&parent=10757"}],"wp:term":[{"taxonomy":"category","embeddable":true,"href":"https:\/\/paginacero.com.uy\/index.php?rest_route=%2Fwp%2Fv2%2Fcategories&post=10757"},{"taxonomy":"post_tag","embeddable":true,"href":"https:\/\/paginacero.com.uy\/index.php?rest_route=%2Fwp%2Fv2%2Ftags&post=10757"}],"curies":[{"name":"wp","href":"https:\/\/api.w.org\/{rel}","templated":true}]}}