{"id":10754,"date":"2026-04-30T16:43:23","date_gmt":"2026-04-30T19:43:23","guid":{"rendered":"https:\/\/paginacero.com.uy\/?p=10754"},"modified":"2026-04-30T16:43:23","modified_gmt":"2026-04-30T19:43:23","slug":"dia-de-las-y-los-trabajadores-rurales","status":"publish","type":"post","link":"https:\/\/paginacero.com.uy\/?p=10754","title":{"rendered":"D\u00eda de las y los Trabajadores rurales"},"content":{"rendered":"<p><strong>Cada 30 de mayo se conmemora en Uruguay el D\u00eda de las y los Trabajadores rurales, una fecha de reconocimiento a quienes desarrollan tareas en el medio rural y que fue establecida por la Ley N\u00ba 19.000 como feriado no laborable pago para el sector.<\/strong><\/p>\n<p>ph A roman<!--more--><\/p>\n<p>La jornada tiene su origen en la aprobaci\u00f3n de la Ley N\u00ba 19.000, promulgada en noviembre de 2012, que fij\u00f3 el d\u00eda como instancia de reconocimiento a los trabajadores vinculados a la actividad agropecuaria. La normativa establece que se trata de un feriado no laborable pago para quienes desempe\u00f1an tareas en el \u00e1mbito rural.<br \/>\nAdem\u00e1s de instituir la fecha, la ley prev\u00e9 la realizaci\u00f3n de acciones para difundir la importancia del trabajo rural en el pa\u00eds, destacando su papel dentro de la producci\u00f3n y el desarrollo nacional.<\/p>\n<p>Seg\u00fan informaci\u00f3n oficial de Presidencia de la Rep\u00fablica, el reconocimiento al sector se enmarca en un proceso m\u00e1s amplio de incorporaci\u00f3n de derechos laborales, como la regulaci\u00f3n de la jornada, el acceso a la seguridad social y la negociaci\u00f3n colectiva.<br \/>\nEl trabajo rural ocupa a miles de personas en todo el territorio y est\u00e1 directamente vinculado a las principales cadenas productivas del pa\u00eds, siendo un componente clave de la econom\u00eda nacional.<br \/>\nLa fecha, en ese sentido, marca una instancia de reconocimiento a una actividad central en la historia y el presente productivo del Uruguay.<\/p>\n","protected":false},"excerpt":{"rendered":"<p>Cada 30 de mayo se conmemora en Uruguay el D\u00eda de las y los Trabajadores rurales, una fecha de reconocimiento a quienes desarrollan tareas en el medio rural y que fue establecida por la Ley N\u00ba 19.000 como feriado no laborable pago para el sector. ph A roman<\/p>\n","protected":false},"author":4,"featured_media":10755,"comment_status":"closed","ping_status":"closed","sticky":false,"template":"","format":"standard","meta":{"_monsterinsights_skip_tracking":false,"_monsterinsights_sitenote_active":false,"_monsterinsights_sitenote_note":"","_monsterinsights_sitenote_category":0,"footnotes":""},"categories":[5],"tags":[],"class_list":["post-10754","post","type-post","status-publish","format-standard","has-post-thumbnail","hentry","category-durazno"],"_links":{"self":[{"href":"https:\/\/paginacero.com.uy\/index.php?rest_route=\/wp\/v2\/posts\/10754","targetHints":{"allow":["GET"]}}],"collection":[{"href":"https:\/\/paginacero.com.uy\/index.php?rest_route=\/wp\/v2\/posts"}],"about":[{"href":"https:\/\/paginacero.com.uy\/index.php?rest_route=\/wp\/v2\/types\/post"}],"author":[{"embeddable":true,"href":"https:\/\/paginacero.com.uy\/index.php?rest_route=\/wp\/v2\/users\/4"}],"replies":[{"embeddable":true,"href":"https:\/\/paginacero.com.uy\/index.php?rest_route=%2Fwp%2Fv2%2Fcomments&post=10754"}],"version-history":[{"count":1,"href":"https:\/\/paginacero.com.uy\/index.php?rest_route=\/wp\/v2\/posts\/10754\/revisions"}],"predecessor-version":[{"id":10756,"href":"https:\/\/paginacero.com.uy\/index.php?rest_route=\/wp\/v2\/posts\/10754\/revisions\/10756"}],"wp:featuredmedia":[{"embeddable":true,"href":"https:\/\/paginacero.com.uy\/index.php?rest_route=\/wp\/v2\/media\/10755"}],"wp:attachment":[{"href":"https:\/\/paginacero.com.uy\/index.php?rest_route=%2Fwp%2Fv2%2Fmedia&parent=10754"}],"wp:term":[{"taxonomy":"category","embeddable":true,"href":"https:\/\/paginacero.com.uy\/index.php?rest_route=%2Fwp%2Fv2%2Fcategories&post=10754"},{"taxonomy":"post_tag","embeddable":true,"href":"https:\/\/paginacero.com.uy\/index.php?rest_route=%2Fwp%2Fv2%2Ftags&post=10754"}],"curies":[{"name":"wp","href":"https:\/\/api.w.org\/{rel}","templated":true}]}}