{"id":10554,"date":"2026-04-17T10:33:24","date_gmt":"2026-04-17T13:33:24","guid":{"rendered":"https:\/\/paginacero.com.uy\/?p=10554"},"modified":"2026-04-17T10:33:24","modified_gmt":"2026-04-17T13:33:24","slug":"mujer-que-supo-ganarse-un-lugar-en-las-grandes-canchas","status":"publish","type":"post","link":"https:\/\/paginacero.com.uy\/?p=10554","title":{"rendered":"Mujer que supo ganarse un lugar en las grandes canchas"},"content":{"rendered":"<p><strong>Silvina Tea Vera, a sus 39 a\u00f1os, se define como una mujer resiliente: cada vez que se cay\u00f3, se levant\u00f3 m\u00e1s fuerte, dejando siempre alguna huella.<\/strong><\/p>\n<p>Por Anabela Prieto Zarza<!--more--><\/p>\n<p>Es hija de Zelmar y Marisol, nieta de Mercedes Mesa y Nelson Vera, y de Mirta Miqueiro. Tiene tres hermanos: Andr\u00e9s, radicado en Espa\u00f1a, Natalia y Claudio. Es t\u00eda de cuatro varones: Franco, Thiago, Laureano y Lazarito, quien adem\u00e1s es su ahijado. Es la orgullosa mam\u00e1 de Guadalupe, de 15 a\u00f1os, y Marcelina, de 12.<\/p>\n<p>Junto a su esposo, Leo Schol, conforma una familia ensamblada que incluye a los hijos de \u00e9l, Manu, de 15, y Agus, de 13. \u201cPor lo tanto, tenemos cuatro adolescentes que se llevan muy bien\u201d, comenta, y entre risas agrega: \u201ccomo todos los adolescentes\u201d.<\/p>\n<p>Tuvo una infancia feliz, aunque reconoce: \u201cmucho no me acuerdo, porque pasaron cosas\u201d. Sin embargo, tiene claro que sus padres hicieron todo para que fuera feliz y que sus abuelos estuvieron siempre muy presentes: \u201cfui la primera hija, la primera nieta, y eso hizo que toda la atenci\u00f3n fuera para m\u00ed\u201d.<\/p>\n<p>Concurri\u00f3 a la Escuela N.\u00ba 2 y luego al Liceo Rubino. M\u00e1s tarde comenz\u00f3 a trabajar: \u201che trabajado en mil cosas, vinculadas a la actividad comercial y la administraci\u00f3n. Hice cursos de capacitaci\u00f3n en distintas \u00e1reas, a medida que sent\u00eda la necesidad\u201d.<\/p>\n<p>Fue mam\u00e1 joven: a los 24 a\u00f1os naci\u00f3 Guadalupe y, dos a\u00f1os despu\u00e9s, Marcelina. Eligi\u00f3 priorizar la maternidad por sobre el trabajo, algo que mantiene hasta hoy, siendo una madre muy presente en la vida de sus hijas.<\/p>\n<p>Consultada sobre su v\u00ednculo con el f\u00fatbol, cuenta: \u201cmis padres son muy futboleros, hinchas de Nacional, y recib\u00ed esa pasi\u00f3n directamente en la sangre desde siempre; no nos daban otra opci\u00f3n. Pap\u00e1 nos llevaba mucho al Estadio Centenario a mis hermanos y a m\u00ed. En aquella \u00e9poca, las hinchadas iban mezcladas, era divino, otra cosa. Adem\u00e1s, pap\u00e1 era t\u00e9cnico de f\u00fatbol y me llevaba a todas las pr\u00e1cticas. Yo era la \u00fanica hija mujer, pero era un \u2018varoncito m\u00e1s\u2019, seg\u00fan el estereotipo\u201d.<\/p>\n<p>Agrega que su padre nunca la dej\u00f3 jugar al f\u00fatbol. En ese entonces, el f\u00fatbol femenino no estaba desarrollado y no estaban dadas las condiciones: los hombres no permit\u00edan que las mujeres intervinieran, ni jugando ni dirigiendo. \u201cEl rol que tenemos ahora las mujeres, antes no lo ten\u00edan\u201d.<\/p>\n<p>Su primer paso en la dirigencia fue en Juveniles de Durazno, en una etapa en la que participaban Anita Bazzi, Graciela Cortazzo, entre otras, en el marco del centenario de la instituci\u00f3n. Luego fue mam\u00e1 y se dedic\u00f3 de lleno a sus hijas y al campo, dejando el f\u00fatbol de lado.<\/p>\n<p>M\u00e1s adelante, recuerda: \u201cquien me dio una oportunidad gigante fue Sarand\u00ed del Y\u00ed, que me abri\u00f3 las puertas al f\u00fatbol grande. Cuando me fui a vivir all\u00ed, me involucr\u00e9 y llegu\u00e9 a ser secretaria de la Liga Mayor de Sarand\u00ed del Y\u00ed. Tuve un rol preponderante como mujer en el f\u00fatbol. En un Congreso de la Confederaci\u00f3n del Sur tuve la posibilidad de exponer, debatir, presentar propuestas e imponerme, porque eran todos hombres y de vasta trayectoria\u201d.<\/p>\n<p>En ese proceso, logr\u00f3 hacerse conocer. \u201cVieron algo en m\u00ed y Eduardo Monsegui me propuso como consejera titular de OFI. Integr\u00e9 la lista ganadora y fui la primera mujer de Durazno en representar al departamento ante OFI\u201d.<\/p>\n<p>Recuerda que no fue f\u00e1cil integrar un Ejecutivo, pero lo valora como un gran desaf\u00edo, especialmente por su condici\u00f3n de mujer. Hoy existe un cupo femenino, pero ella siempre dej\u00f3 en claro que estaba all\u00ed por sus capacidades, no por una cuota. \u201cFue duro imponerse\u201d, afirma.<\/p>\n<p>Ese proceso tambi\u00e9n tuvo un costo: \u201cpor este tema y otros, tuve un quebranto de salud importante que me llev\u00f3 a renunciar. Es una actividad que demanda mucho tiempo y dedicaci\u00f3n. Volv\u00ed a priorizar mi salud y mi familia. Baj\u00e9 las revoluciones, hice varios cambios y estuve mucho tiempo alejada del f\u00fatbol, dedicada a mis hijas\u201d.<\/p>\n<p>Tiempo despu\u00e9s, lleg\u00f3 la propuesta de Sarand\u00ed F\u00fatbol Club para integrar la directiva, y acept\u00f3, convencida de que deb\u00eda tom\u00e1rselo con m\u00e1s calma. Sin embargo, fiel a su esencia, al poco tiempo ya estaba nuevamente a pleno. Hoy integra la dirigencia, siendo otra vez la \u00fanica mujer.<\/p>\n<p>Con Leo comparte no solo la vida y la familia, sino tambi\u00e9n la pasi\u00f3n por el f\u00fatbol: ambos son hinchas de Nacional y dirigentes del Sarand\u00ed. Trabajan a la par con otros integrantes j\u00f3venes: \u201cuna directiva muy linda, donde cada uno mantiene criterios independientes. Muchas veces hay opiniones distintas, pero siempre las manifestamos con respeto\u201d, dice, y entre risas agrega: \u201caunque entre nosotros, con amor\u201d.<\/p>\n<p>Silvina tambi\u00e9n integra la comisi\u00f3n del gimnasio del Sarand\u00ed F\u00fatbol Club, donde s\u00ed trabaja junto a otras mujeres, codo a codo.<\/p>\n<p>En sus tiempos libres practica pilates reformer, disciplina en la que encontr\u00f3 algo especial: \u201ces mi hora feliz y no renuncio a ella\u201d. De vez en cuando mira alguna serie y lee bastante: \u201cme encant\u00f3 El Secreto\u201d, y le gusta mucho leer a Rol\u00f3n.<\/p>\n<p>A futuro, proyecta iniciar la carrera de abogac\u00eda. Primero lo har\u00e1 de forma virtual, con algunas instancias presenciales en Montevideo, para lo cual, como siempre, cuenta con el apoyo de Leo. Es un objetivo que encara sin apuro, de acuerdo a sus posibilidades y con la intenci\u00f3n de disfrutarlo.<\/p>\n<p>Cuando atraves\u00f3 su problema de salud, tuvo un \u201cclick\u201d en su vida. Cree que ese momento lleg\u00f3 para ense\u00f1arle la importancia de levantarse y ser feliz, a pesar de las dificultades que implica ser un adulto responsable.<\/p>\n<p>&nbsp;<\/p>\n<p>&nbsp;<\/p>\n<p>&nbsp;<\/p>\n","protected":false},"excerpt":{"rendered":"<p>Silvina Tea Vera, a sus 39 a\u00f1os, se define como una mujer resiliente: cada vez que se cay\u00f3, se levant\u00f3 m\u00e1s fuerte, dejando siempre alguna huella. Por Anabela Prieto Zarza<\/p>\n","protected":false},"author":4,"featured_media":10555,"comment_status":"closed","ping_status":"closed","sticky":false,"template":"","format":"standard","meta":{"_monsterinsights_skip_tracking":false,"_monsterinsights_sitenote_active":false,"_monsterinsights_sitenote_note":"","_monsterinsights_sitenote_category":0,"footnotes":""},"categories":[5,17],"tags":[],"class_list":["post-10554","post","type-post","status-publish","format-standard","has-post-thumbnail","hentry","category-durazno","category-suplemento-mujer"],"_links":{"self":[{"href":"https:\/\/paginacero.com.uy\/index.php?rest_route=\/wp\/v2\/posts\/10554","targetHints":{"allow":["GET"]}}],"collection":[{"href":"https:\/\/paginacero.com.uy\/index.php?rest_route=\/wp\/v2\/posts"}],"about":[{"href":"https:\/\/paginacero.com.uy\/index.php?rest_route=\/wp\/v2\/types\/post"}],"author":[{"embeddable":true,"href":"https:\/\/paginacero.com.uy\/index.php?rest_route=\/wp\/v2\/users\/4"}],"replies":[{"embeddable":true,"href":"https:\/\/paginacero.com.uy\/index.php?rest_route=%2Fwp%2Fv2%2Fcomments&post=10554"}],"version-history":[{"count":1,"href":"https:\/\/paginacero.com.uy\/index.php?rest_route=\/wp\/v2\/posts\/10554\/revisions"}],"predecessor-version":[{"id":10556,"href":"https:\/\/paginacero.com.uy\/index.php?rest_route=\/wp\/v2\/posts\/10554\/revisions\/10556"}],"wp:featuredmedia":[{"embeddable":true,"href":"https:\/\/paginacero.com.uy\/index.php?rest_route=\/wp\/v2\/media\/10555"}],"wp:attachment":[{"href":"https:\/\/paginacero.com.uy\/index.php?rest_route=%2Fwp%2Fv2%2Fmedia&parent=10554"}],"wp:term":[{"taxonomy":"category","embeddable":true,"href":"https:\/\/paginacero.com.uy\/index.php?rest_route=%2Fwp%2Fv2%2Fcategories&post=10554"},{"taxonomy":"post_tag","embeddable":true,"href":"https:\/\/paginacero.com.uy\/index.php?rest_route=%2Fwp%2Fv2%2Ftags&post=10554"}],"curies":[{"name":"wp","href":"https:\/\/api.w.org\/{rel}","templated":true}]}}