{"id":10532,"date":"2026-04-15T17:41:14","date_gmt":"2026-04-15T20:41:14","guid":{"rendered":"https:\/\/paginacero.com.uy\/?p=10532"},"modified":"2026-04-15T17:41:14","modified_gmt":"2026-04-15T20:41:14","slug":"se-realizo-el-lanzamiento-de-la-segunda-fecha-del-campeonato-nacional-de-rally-durazno-2026","status":"publish","type":"post","link":"https:\/\/paginacero.com.uy\/?p=10532","title":{"rendered":"Se realiz\u00f3 el lanzamiento de la segunda fecha del Campeonato Nacional de Rally Durazno 2026"},"content":{"rendered":"<p><iframe loading=\"lazy\" src=\"https:\/\/drive.google.com\/file\/d\/1sV0cH1drIM6a8mJKo97L0kV1MxL4fRQ_\/preview\" width=\"640\" height=\"480\"><\/iframe><\/p>\n<p>En la ma\u00f1ana de hoy se dieron a conocer los detalles del evento denominado\u00a0<strong>\u00abCopa 95 A\u00f1os de Ancap\u00bb<\/strong>, organizado por el\u00a0<strong>Club Uruguayo de Rally<\/strong>, con el apoyo del Gobierno de Durazno, a realizarse los d\u00edas\u00a0<strong>24, 25 y 26 de abril pr\u00f3ximos.<\/strong><!--more--><\/p>\n<p>De la conferencia de prensa participaron el Intendente<strong>\u00a0Dr. Felipe Algorta Brit; Diego Souberville<\/strong>\u00a0y\u00a0<strong>Dolores Garc\u00eda Pintos<\/strong>, Presidente y encargada de Relaciones Institucionales, respectivamente del Club Uruguayo de Rally; los pilotos locales\u00a0<strong>Henry Casal\u00e1s<\/strong>\u00a0y\u00a0<strong>Juan Ignacio Fern\u00e1ndez<\/strong>;\u00a0<strong>Andr\u00e9s Viana<\/strong>, Coordinador de Eventos y<strong>\u00a0Julio Agesta<\/strong>, integrante de la organizaci\u00f3n por parte del Gobierno de Durazno.<\/p>\n<p>Algorta, destac\u00f3 que eventos de este\u00a0 nivel \u201crealmente nos van a poner nuevamente en escena a nivel nacional, como ya viene a trav\u00e9s de varios eventos Durazno posicion\u00e1ndose como un lugar de encuentro, como un lugar de organizaci\u00f3n\u201d. Destac\u00f3 el apoyo del Club Uruguayo de Rally, de las dependencias de la Intendencia, el\u00a0<strong>Batall\u00f3n 13<\/strong>\u00a0y los \u2018fierreros\u2019,\u00a0<strong>Henry Ansal\u00e1s, Juan Ignacio y Ra\u00fal Fern\u00e1ndez, Pablo Porta, Federico\u00a0<\/strong>e<strong>\u00a0Ignacio Sosa<\/strong>\u00a0\u201ccolaborando con el evento, aportando sus ideas\u201d. Resalt\u00f3 que el viernes 24 en el\u00a0<strong>Parque Bicentenario<\/strong>\u00a0habr\u00e1\u00a0<strong>entre 40 y 45 autos de competici\u00f3n<\/strong>\u00a0y pilotos de<strong>\u00a0todo el pa\u00eds<\/strong>\u00a0\u201cpara que la poblaci\u00f3n se arrime\u201d.<\/p>\n<p>Souberville, Presidente del Club Uruguayo de Rally, destac\u00f3 el \u201corgullo de volver nuevamente a Durazno, despu\u00e9s de varios a\u00f1os que no corr\u00edamos ac\u00e1. A nosotros nos vuelve otra vez el desaf\u00edo de<strong>\u00a0estar nuevamente en el departamento<\/strong>\u201d, coment\u00f3, se\u00f1alando que en la competencia de Durazno habr\u00e1 \u201cautos de primera generaci\u00f3n, autos a nivel sudamericano con reglamentaci\u00f3n FIA, que es lo m\u00e1ximo que hoy tenemos en el automovilismo\u201d.<\/p>\n<p>Enfatiz\u00f3 en la importancia de la seguridad en el evento,\u00a0<strong>resguardando a los competidores y el p\u00fablico<\/strong>. \u201cNosotros tenemos una caravana de seguridad donde<strong>\u00a0nuestra primera camioneta de seguridad sale una hora antes de que larga el primer auto<\/strong>, ah\u00ed es cuando se cierran los caminos, o sea,\u00a0<strong>invitamos a la gente que vaya una hora antes de que se larga<\/strong>\u00a0para que pueda moverse y estar en el camino\u201d.\u00a0 Dijo que no se podr\u00e1 circular en el tramo establecido, durante el horario de la carrera y est\u00e1\u00a0<strong>prohibido ubicarse en las \u00e1rea delimitadas como \u201czonas rojas\u201d<\/strong>. \u201cReafirmamos el tema de seguridad, es muy importante para las tripulaciones y para la gente\u201d, destac\u00f3.<\/p>\n<p><strong>Evento deportivo con impacto tur\u00edstico<\/strong><\/p>\n<p>Dolores Garc\u00eda Pintos, agradeci\u00f3 el apoyo del Intendente Algorta y el equipo de la Intendencia; \u201cestos d\u00edas van a ser de festejos tambi\u00e9n; es un\u00a0<strong>evento deportivo con impacto tur\u00edstico<\/strong>\u00a0porque este tipo de actividades vienen\u00a0<strong>no s\u00f3lo de los equipos<\/strong>, sino\u00a0<strong>de los aficionados\u00a0<\/strong>y todo lo que se genera en la ciudad. Es un lindo espect\u00e1culo para que\u00a0<strong>durante todo el fin de semana<\/strong>\u00a0puedan ir a cualquiera de los lugares a visitar y conocer de cerca el trabajo que se realiza\u201d. S\u00e1bado y domingo van a ser los d\u00edas de carrera, \u201cque en realidad los caminos se van a dar a conocer el pr\u00f3ximo lunes, por cuestiones de log\u00edstica; siempre se da la misma semana de la carrera, as\u00ed que tanto las redes sociales del Gobierno de Durazno como el Club Uruguayo de Rally van a estar colgados los caminos los detalles para que todos puedan tenerlos en cuenta, y tambi\u00e9n los vecinos que tengan en cuenta los caminos que van a hacer y el p\u00fablico que podr\u00e1 acceder hasta una hora previa a la largada\u201d<\/p>\n<p>\u201cSin dudas felicitar primero a Felipe y todo su equipo por que vuelva el Rally a nuestra ciudad como locatario.\u00a0<strong>Que vuelva este hermoso deporte como es el Rally a nuestra ciudad<\/strong>, es algo divino que la gente disfrute, que vaya a los caminos con responsabilidad en el tema de la seguridad\u201d. (Henry Ansal\u00e1s)<\/p>\n<p>\u201cPrimero que nada agradecer al Gobierno de Durazno por traer el deporte nuevamente a la ciudad; al Club Uruguayo de Rally, le damos la bienvenida y espero que sea el primer retorno y que sea m\u00e1s seguido y agradecer a todo el equipo del gobierno, turismo, electricidad, tr\u00e1nsito, todo lo que est\u00e1n apoyando el rally, y en cualquier momento volveremos con Henry a los caminos \u201d (Juan Ignacio Fern\u00e1ndez).<\/p>\n<p><strong>Detalles:<\/strong><\/p>\n<ul>\n<li>Parque Bicentenario, viernes 24 de abril, hora 19:00 a 21:00,\u00a0<strong>exhibici\u00f3n de los autos que competir\u00e1n en la segunda fecha del Rally Nacional<\/strong><\/li>\n<li>Parque de la Hispanidad,\u00a0<strong>parque de asistencia<\/strong>, s\u00e1bado 25 y domingo 26, hora 08:00 a 22:00<\/li>\n<li><strong>Circuito de carrera<\/strong>\u00a0(se dar\u00e1 a conocer el d\u00eda lunes 20\/4): s\u00e1bado 25 y domingo 26, desde la hora 08:00 a la hora 16:00 aprox y\u00a0<strong>posterior entrega de premios en el Parque de la Hispanidad.<\/strong><\/li>\n<\/ul>\n","protected":false},"excerpt":{"rendered":"<p>En la ma\u00f1ana de hoy se dieron a conocer los detalles del evento denominado\u00a0\u00abCopa 95 A\u00f1os de Ancap\u00bb, organizado por el\u00a0Club Uruguayo de Rally, con el apoyo del Gobierno de Durazno, a realizarse los d\u00edas\u00a024, 25 y 26 de abril pr\u00f3ximos.<\/p>\n","protected":false},"author":4,"featured_media":10533,"comment_status":"closed","ping_status":"closed","sticky":false,"template":"","format":"standard","meta":{"_monsterinsights_skip_tracking":false,"_monsterinsights_sitenote_active":false,"_monsterinsights_sitenote_note":"","_monsterinsights_sitenote_category":0,"footnotes":""},"categories":[5],"tags":[],"class_list":["post-10532","post","type-post","status-publish","format-standard","has-post-thumbnail","hentry","category-durazno"],"_links":{"self":[{"href":"https:\/\/paginacero.com.uy\/index.php?rest_route=\/wp\/v2\/posts\/10532","targetHints":{"allow":["GET"]}}],"collection":[{"href":"https:\/\/paginacero.com.uy\/index.php?rest_route=\/wp\/v2\/posts"}],"about":[{"href":"https:\/\/paginacero.com.uy\/index.php?rest_route=\/wp\/v2\/types\/post"}],"author":[{"embeddable":true,"href":"https:\/\/paginacero.com.uy\/index.php?rest_route=\/wp\/v2\/users\/4"}],"replies":[{"embeddable":true,"href":"https:\/\/paginacero.com.uy\/index.php?rest_route=%2Fwp%2Fv2%2Fcomments&post=10532"}],"version-history":[{"count":1,"href":"https:\/\/paginacero.com.uy\/index.php?rest_route=\/wp\/v2\/posts\/10532\/revisions"}],"predecessor-version":[{"id":10534,"href":"https:\/\/paginacero.com.uy\/index.php?rest_route=\/wp\/v2\/posts\/10532\/revisions\/10534"}],"wp:featuredmedia":[{"embeddable":true,"href":"https:\/\/paginacero.com.uy\/index.php?rest_route=\/wp\/v2\/media\/10533"}],"wp:attachment":[{"href":"https:\/\/paginacero.com.uy\/index.php?rest_route=%2Fwp%2Fv2%2Fmedia&parent=10532"}],"wp:term":[{"taxonomy":"category","embeddable":true,"href":"https:\/\/paginacero.com.uy\/index.php?rest_route=%2Fwp%2Fv2%2Fcategories&post=10532"},{"taxonomy":"post_tag","embeddable":true,"href":"https:\/\/paginacero.com.uy\/index.php?rest_route=%2Fwp%2Fv2%2Ftags&post=10532"}],"curies":[{"name":"wp","href":"https:\/\/api.w.org\/{rel}","templated":true}]}}