{"id":10378,"date":"2026-04-06T10:30:05","date_gmt":"2026-04-06T13:30:05","guid":{"rendered":"https:\/\/paginacero.com.uy\/?p=10378"},"modified":"2026-04-06T10:30:05","modified_gmt":"2026-04-06T13:30:05","slug":"avanza-la-campana-de-vacunacion-en-durazno","status":"publish","type":"post","link":"https:\/\/paginacero.com.uy\/?p=10378","title":{"rendered":"Avanza la campa\u00f1a de vacunaci\u00f3n en Durazno"},"content":{"rendered":"<p><strong>\u201cLa vacunaci\u00f3n es una herramienta clave para reducir hospitalizaciones y complicaciones graves, especialmente en los grupos de mayor riesgo\u201d. La influenza representa un problema relevante de salud p\u00fablica. En Uruguay, cada a\u00f1o genera miles de hospitalizaciones y fallecimientos, en especial en personas mayores y ni\u00f1os peque\u00f1os.<\/strong><\/p>\n<p>por Enrique Antonio<!--more--><\/p>\n<p>La campa\u00f1a 2026 tiene 600.000 dosis disponibles en todo el territorio nacional, de forma gratuita, en vacunatorios p\u00fablicos y privados.<\/p>\n<p>\u200b\u200b\u200b\u200b\u200bSi bien la vacuna es para toda la poblaci\u00f3n, hay grupos prioritarios que pueden ser m\u00e1s susceptibles a sufrir complicaciones si se enferman de gripe.<\/p>\n<p>La vacuna se recomienda especialmente para:<\/p>\n<p>-Ni\u00f1as y ni\u00f1os de 6 meses a 5 a\u00f1os .<\/p>\n<p>-Personas mayores de 65 a\u00f1os.<\/p>\n<p>-Personas con enfermedades cr\u00f3nicas o inmunosuprimidas.<\/p>\n<p>-Personas gestantes y pu\u00e9rperas hasta los 6 meses posteriores al parto.<\/p>\n<p>-Personal de salud, incluyendo a funcionarios de Establecimientos de Larga Estad\u00eda para Personas Mayores (ELEPEM).<\/p>\n<p>-Personal de servicios esenciales (docentes, polic\u00edas, militares y bomberos).<\/p>\n<p>-Personas que trabajan en el sector ganadero (especialmente en granjas av\u00edcolas), en la industria l\u00e1ctea (tambos), veterinaria y profesiones afines.<\/p>\n<p>-Residentes de comunidades cerradas, de refugios, centros de privaci\u00f3n de libertad y residenciales de adultos mayores.<\/p>\n<p><strong>Vacunatorios en Durazno <\/strong><\/p>\n<p>-Comisi\u00f3n Honoraria de Lucha Antituberculosa (CHLA-EP) 18 de Julio 617 esq. Manuel Oribe y Eusebio P\u00edriz Lunes a viernes, 08:00 a 13:00<\/p>\n<p>-Hospital Dr. Emilio Penza Francisco Maciel s\/n esq. Prof. Miguel C. Rubino Lunes a viernes, 13:30 a 17:30 \u2014 Tel: 4362 7701<\/p>\n<p>-COBUSU \u2013 Intendencia Instrucciones del a\u00f1o XIII 244 esq. Salaberry Lunes a viernes, 07:00 a 13:00<\/p>\n<p>CAMEDUR \u2013 IAMPP Herrera 942 entre Baltasar Brum y Artigas Lunes a viernes, 14:00 a 17:00<\/p>\n<p><strong>Vacunatorios en el interior <\/strong><\/p>\n<p>Blanquillo \/ Dr. Alejandro Sar\u00e1chaga Martes y jueves, 14:00 a 16:00<\/p>\n<p>Sarand\u00ed del Y\u00ed \/ Avda. Petrini 501 esq. Vidal de Pereira Lunes a viernes, 08:30 a 13:30<\/p>\n<p>Policl\u00ednica RAP Carlos Reyles \/ Rivera s\/n esq. Casab\u00f3 \u2014 Tel: 4368 2070 \u00daltimo jueves del mes, 08:00 a 12:00<\/p>\n<p>Policl\u00ednica RAP Ciudad del Carmen \/ Andr\u00e9s Faraut s\/n esq. Rodolfo Angelis \u2014 Tel: 4365 4077 3er mi\u00e9rcoles del mes, 08:00 a 12:00<\/p>\n<p>Policl\u00ednica RAP La Paloma \/ Celia Galarza de S\u00e1nchez s\/n esq. Gallinal \u2014 Tel: 4360 3026 1er jueves del mes, 08:00 a 12:00<\/p>\n<p>Policl\u00ednica San Jorge \/ Tom\u00e1s Fair esq. Ruta 100 \u2014 Tel: 4360 5027 Bimensual, 08:00 a 12:00<\/p>\n<p>&nbsp;<\/p>\n<p><strong>100.000 dosis alcanzadas<\/strong><\/p>\n<p>Uruguay alcanz\u00f3 las 100.000 personas vacunadas contra la gripe en la primera semana de campa\u00f1a. Siendo Durazno uno de los departamentos donde m\u00e1s se vacun\u00f3 con 51,7 dosis cada 1000 habitantes. <img loading=\"lazy\" decoding=\"async\" width=\"2048\" height=\"673\" class=\"wp-image-10379\" src=\"https:\/\/paginacero.com.uy\/wp-content\/uploads\/2026\/04\/word-image-10378-1.png\" srcset=\"https:\/\/paginacero.com.uy\/wp-content\/uploads\/2026\/04\/word-image-10378-1.png 2048w, https:\/\/paginacero.com.uy\/wp-content\/uploads\/2026\/04\/word-image-10378-1-300x99.png 300w, https:\/\/paginacero.com.uy\/wp-content\/uploads\/2026\/04\/word-image-10378-1-1024x337.png 1024w, https:\/\/paginacero.com.uy\/wp-content\/uploads\/2026\/04\/word-image-10378-1-150x49.png 150w, https:\/\/paginacero.com.uy\/wp-content\/uploads\/2026\/04\/word-image-10378-1-768x252.png 768w, https:\/\/paginacero.com.uy\/wp-content\/uploads\/2026\/04\/word-image-10378-1-1536x505.png 1536w\" sizes=\"auto, (max-width: 2048px) 100vw, 2048px\" \/><\/p>\n<p>&nbsp;<\/p>\n","protected":false},"excerpt":{"rendered":"<p>\u201cLa vacunaci\u00f3n es una herramienta clave para reducir hospitalizaciones y complicaciones graves, especialmente en los grupos de mayor riesgo\u201d. La influenza representa un problema relevante de salud p\u00fablica. En Uruguay, cada a\u00f1o genera miles de hospitalizaciones y fallecimientos, en especial en personas mayores y ni\u00f1os peque\u00f1os. por Enrique Antonio<\/p>\n","protected":false},"author":4,"featured_media":10380,"comment_status":"closed","ping_status":"closed","sticky":false,"template":"","format":"standard","meta":{"_monsterinsights_skip_tracking":false,"_monsterinsights_sitenote_active":false,"_monsterinsights_sitenote_note":"","_monsterinsights_sitenote_category":0,"footnotes":""},"categories":[63],"tags":[],"class_list":["post-10378","post","type-post","status-publish","format-standard","has-post-thumbnail","hentry","category-nacional"],"_links":{"self":[{"href":"https:\/\/paginacero.com.uy\/index.php?rest_route=\/wp\/v2\/posts\/10378","targetHints":{"allow":["GET"]}}],"collection":[{"href":"https:\/\/paginacero.com.uy\/index.php?rest_route=\/wp\/v2\/posts"}],"about":[{"href":"https:\/\/paginacero.com.uy\/index.php?rest_route=\/wp\/v2\/types\/post"}],"author":[{"embeddable":true,"href":"https:\/\/paginacero.com.uy\/index.php?rest_route=\/wp\/v2\/users\/4"}],"replies":[{"embeddable":true,"href":"https:\/\/paginacero.com.uy\/index.php?rest_route=%2Fwp%2Fv2%2Fcomments&post=10378"}],"version-history":[{"count":1,"href":"https:\/\/paginacero.com.uy\/index.php?rest_route=\/wp\/v2\/posts\/10378\/revisions"}],"predecessor-version":[{"id":10381,"href":"https:\/\/paginacero.com.uy\/index.php?rest_route=\/wp\/v2\/posts\/10378\/revisions\/10381"}],"wp:featuredmedia":[{"embeddable":true,"href":"https:\/\/paginacero.com.uy\/index.php?rest_route=\/wp\/v2\/media\/10380"}],"wp:attachment":[{"href":"https:\/\/paginacero.com.uy\/index.php?rest_route=%2Fwp%2Fv2%2Fmedia&parent=10378"}],"wp:term":[{"taxonomy":"category","embeddable":true,"href":"https:\/\/paginacero.com.uy\/index.php?rest_route=%2Fwp%2Fv2%2Fcategories&post=10378"},{"taxonomy":"post_tag","embeddable":true,"href":"https:\/\/paginacero.com.uy\/index.php?rest_route=%2Fwp%2Fv2%2Ftags&post=10378"}],"curies":[{"name":"wp","href":"https:\/\/api.w.org\/{rel}","templated":true}]}}