{"id":10101,"date":"2026-03-09T17:14:38","date_gmt":"2026-03-09T20:14:38","guid":{"rendered":"https:\/\/paginacero.com.uy\/?p=10101"},"modified":"2026-03-09T17:14:38","modified_gmt":"2026-03-09T20:14:38","slug":"dos-duraznenses-integraran-la-seleccion-nacional","status":"publish","type":"post","link":"https:\/\/paginacero.com.uy\/?p=10101","title":{"rendered":"Dos duraznenses integrar\u00e1n la selecci\u00f3n nacional"},"content":{"rendered":"<p><strong>Julieta Albornoz y Lautaro Conde formar\u00e1n parte del equipo uruguayo que competir\u00e1 en los IV Juegos Suramericanos de la Juventud, que se disputar\u00e1n en Panam\u00e1.<\/strong><!--more--><\/p>\n<p>Los j\u00f3venes duraznenses Julieta Albornoz y Lautaro Conde integrar\u00e1n la selecci\u00f3n nacional de ciclismo que representar\u00e1 a Uruguay en los IV Juegos Suramericanos de la Juventud, que se desarrollar\u00e1n en Panam\u00e1 del 12 al 25 de abril.<br \/>\nAmbos deportistas formar\u00e1n parte del equipo que competir\u00e1 en las pruebas de ruta y contrarreloj, dentro de una nueva edici\u00f3n del evento que re\u00fane a j\u00f3venes atletas de distintos pa\u00edses de Sudam\u00e9rica.<\/p>\n<p>Previo al inicio de la competencia, los deportistas participar\u00e1n de un campamento de integraci\u00f3n en Paso Severino, junto a representantes de otras disciplinas que integrar\u00e1n la delegaci\u00f3n uruguaya.<br \/>\nLa delegaci\u00f3n nacional de ciclismo est\u00e1 compuesta por Iv\u00e1n Salvagno Aguirre, Aparicio Carballo Mart\u00edn, Laurencio Mart\u00edn Aquino Sosa, Lautaro Conde S\u00e1nchez, Bruno Arregin Silva, Sol Mar\u00eda Mockford Peculio y Julieta Albornoz Mansilla, bajo la direcci\u00f3n deportiva de Agust\u00edn Magalef.<\/p>\n","protected":false},"excerpt":{"rendered":"<p>Julieta Albornoz y Lautaro Conde formar\u00e1n parte del equipo uruguayo que competir\u00e1 en los IV Juegos Suramericanos de la Juventud, que se disputar\u00e1n en Panam\u00e1.<\/p>\n","protected":false},"author":4,"featured_media":10102,"comment_status":"closed","ping_status":"closed","sticky":false,"template":"","format":"standard","meta":{"_monsterinsights_skip_tracking":false,"_monsterinsights_sitenote_active":false,"_monsterinsights_sitenote_note":"","_monsterinsights_sitenote_category":0,"footnotes":""},"categories":[12,5],"tags":[],"class_list":["post-10101","post","type-post","status-publish","format-standard","has-post-thumbnail","hentry","category-deporte","category-durazno"],"_links":{"self":[{"href":"https:\/\/paginacero.com.uy\/index.php?rest_route=\/wp\/v2\/posts\/10101","targetHints":{"allow":["GET"]}}],"collection":[{"href":"https:\/\/paginacero.com.uy\/index.php?rest_route=\/wp\/v2\/posts"}],"about":[{"href":"https:\/\/paginacero.com.uy\/index.php?rest_route=\/wp\/v2\/types\/post"}],"author":[{"embeddable":true,"href":"https:\/\/paginacero.com.uy\/index.php?rest_route=\/wp\/v2\/users\/4"}],"replies":[{"embeddable":true,"href":"https:\/\/paginacero.com.uy\/index.php?rest_route=%2Fwp%2Fv2%2Fcomments&post=10101"}],"version-history":[{"count":1,"href":"https:\/\/paginacero.com.uy\/index.php?rest_route=\/wp\/v2\/posts\/10101\/revisions"}],"predecessor-version":[{"id":10103,"href":"https:\/\/paginacero.com.uy\/index.php?rest_route=\/wp\/v2\/posts\/10101\/revisions\/10103"}],"wp:featuredmedia":[{"embeddable":true,"href":"https:\/\/paginacero.com.uy\/index.php?rest_route=\/wp\/v2\/media\/10102"}],"wp:attachment":[{"href":"https:\/\/paginacero.com.uy\/index.php?rest_route=%2Fwp%2Fv2%2Fmedia&parent=10101"}],"wp:term":[{"taxonomy":"category","embeddable":true,"href":"https:\/\/paginacero.com.uy\/index.php?rest_route=%2Fwp%2Fv2%2Fcategories&post=10101"},{"taxonomy":"post_tag","embeddable":true,"href":"https:\/\/paginacero.com.uy\/index.php?rest_route=%2Fwp%2Fv2%2Ftags&post=10101"}],"curies":[{"name":"wp","href":"https:\/\/api.w.org\/{rel}","templated":true}]}}