{"id":10024,"date":"2026-03-04T16:48:02","date_gmt":"2026-03-04T19:48:02","guid":{"rendered":"https:\/\/paginacero.com.uy\/?p=10024"},"modified":"2026-03-04T16:48:02","modified_gmt":"2026-03-04T19:48:02","slug":"becas-butia-buscan-sostener-a-estudiantes-de-11-a-24-anos-en-la-educacion-media","status":"publish","type":"post","link":"https:\/\/paginacero.com.uy\/?p=10024","title":{"rendered":"Becas Buti\u00e1 buscan sostener a estudiantes de 11 a 24 a\u00f1os en la educaci\u00f3n media"},"content":{"rendered":"<p><strong>Las becas Buti\u00e1 est\u00e1n destinadas a estudiantes de educaci\u00f3n media que atraviesan situaciones de vulnerabilidad econ\u00f3mica. El apoyo busca incentivar la continuidad educativa y evitar la deserci\u00f3n, ofreciendo una ayuda econ\u00f3mica anual y acompa\u00f1amiento en el proceso de inscripci\u00f3n.<\/strong><!--more--><\/p>\n<p>En el merendero de Villa Guadalupe se est\u00e1 llevando adelante una instancia de inscripci\u00f3n para las becas Buti\u00e1, una l\u00ednea de apoyo econ\u00f3mico destinada a estudiantes de educaci\u00f3n media. Marcelo Vega explic\u00f3 que se trata de un derecho al que pueden acceder todos los estudiantes del pa\u00eds dentro del rango de edad establecido.<\/p>\n<p>Las becas Buti\u00e1 se otorgan anualmente a una determinada cantidad de estudiantes. Actualmente no alcanzan a todos los que se inscriben, aunque existe una l\u00ednea del Estado que prev\u00e9 aumentar significativamente la cantidad de becas en los pr\u00f3ximos a\u00f1os.<\/p>\n<p>\u201cLas becas Buti\u00e1 son un incentivo y una ayuda econ\u00f3mica para las familias que tienen un \u00edndice de vulnerabilidad importante y que muchas veces no cuentan con recursos para sostener la asistencia de los gurises y gurisas a los centros educativos\u201d, se\u00f1al\u00f3.<\/p>\n<p>El objetivo principal es respaldar la continuidad educativa y evitar la deserci\u00f3n. El apoyo econ\u00f3mico se entrega en varias partidas durante el a\u00f1o y est\u00e1 dirigido a estudiantes de entre 11 y 24 a\u00f1os que cursan educaci\u00f3n media, tanto en ciclo b\u00e1sico como en bachillerato.<\/p>\n<p>Seg\u00fan explic\u00f3 Vega, anteriormente las becas estaban destinadas \u00fanicamente a ciclo b\u00e1sico, pero desde este a\u00f1o se ampliaron tambi\u00e9n para estudiantes de bachillerato. Los montos var\u00edan seg\u00fan el nivel educativo, teniendo en cuenta que los costos para sostener la educaci\u00f3n en bachillerato suelen ser mayores.<\/p>\n<p>Cuando los estudiantes acceden a la beca aceptan un compromiso educativo. Ese compromiso implica mantener la asistencia al centro educativo y cursar el a\u00f1o correspondiente.<\/p>\n<p>En cada convocatoria se genera una lista de inscripciones que generalmente supera ampliamente el cupo disponible. En algunos casos se registran entre 200 y 300 estudiantes por a\u00f1o, mientras que el n\u00famero de becas es considerablemente menor.<\/p>\n<p>El a\u00f1o pasado, por ejemplo, alrededor de 20 estudiantes accedieron a la beca en todo el departamento. Posteriormente se realiza un ordenamiento de la lista seg\u00fan distintos criterios y, si es necesario, se recurre a un sorteo para determinar el orden de asignaci\u00f3n.<\/p>\n<p>Adem\u00e1s se conforma una lista B, integrada por estudiantes que pueden ingresar en caso de que alguna beca quede vacante. Esto puede suceder si el estudiante deja de asistir al centro educativo o abandona los estudios, situaci\u00f3n que se detecta mediante el cruce de datos con los centros educativos.<\/p>\n<p>Los docentes, adscriptos y direcciones de los centros educativos, seg\u00fan explic\u00f3 Vega, trabajan permanentemente para evitar que los estudiantes abandonen los estudios, por lo que la baja de una beca no se produce de manera inmediata.<\/p>\n<p>En cuanto a los criterios de selecci\u00f3n, todos los estudiantes tienen derecho a inscribirse. Sin embargo, debido a que los recursos son limitados, se priorizan las situaciones de mayor vulnerabilidad socioecon\u00f3mica.<\/p>\n<p>Durante el proceso de registro se realizan preguntas de car\u00e1cter social y cultural que permiten establecer un \u00edndice de vulnerabilidad, conocido como ICC. A partir de ese indicador se elabora la n\u00f3mina de estudiantes que tendr\u00e1n prioridad en la asignaci\u00f3n de las becas.<\/p>\n<p>La pol\u00edtica p\u00fablica prev\u00e9 ampliar progresivamente el alcance de este programa. Seg\u00fan la informaci\u00f3n disponible, la intenci\u00f3n es llegar en los pr\u00f3ximos a\u00f1os a unas 70 mil becas en todo el pa\u00eds.<\/p>\n<p>\u201cSabemos que hay gurises y gurisas cuyas familias est\u00e1n pasando momentos muy dif\u00edciles y a veces la prioridad no es el estudio. Lo que se busca es apoyar para que puedan mantenerse en el sistema educativo\u201d, se\u00f1al\u00f3 Vega.<\/p>\n<p>La jornada de inscripci\u00f3n en Villa Guadalupe comenz\u00f3 al mediod\u00eda y se extendi\u00f3 hasta las tres de la tarde, con buena concurrencia de familias y estudiantes interesados.<\/p>\n<p>Las inscripciones continuar\u00e1n tambi\u00e9n en otros puntos del departamento. Est\u00e1 previsto realizar nuevas instancias en el barrio Hip\u00f3dromo y en Las Higueras, adem\u00e1s de proyectar una visita a la ciudad de Carmen para facilitar el acceso a la inscripci\u00f3n.<\/p>\n<p>Aunque el registro puede realizarse a trav\u00e9s de internet, los recorridos por merenderos y barrios buscan facilitar el proceso para aquellas familias que no cuentan con computadora o conexi\u00f3n a internet.<\/p>\n<p>\u201cHoy cualquier persona puede hacer la inscripci\u00f3n buscando becas Buti\u00e1 en internet. Nosotros recorremos los barrios para ayudar a las familias que a veces no tienen computadora, internet o se les dificulta completar el formulario\u201d, explic\u00f3.<\/p>\n<p>Durante la jornada incluso algunos estudiantes pudieron completar la inscripci\u00f3n utilizando las computadoras disponibles en el lugar, con apoyo de sus familias y de quienes acompa\u00f1an el proceso.<\/p>\n","protected":false},"excerpt":{"rendered":"<p>Las becas Buti\u00e1 est\u00e1n destinadas a estudiantes de educaci\u00f3n media que atraviesan situaciones de vulnerabilidad econ\u00f3mica. El apoyo busca incentivar la continuidad educativa y evitar la deserci\u00f3n, ofreciendo una ayuda econ\u00f3mica anual y acompa\u00f1amiento en el proceso de inscripci\u00f3n.<\/p>\n","protected":false},"author":4,"featured_media":10025,"comment_status":"closed","ping_status":"closed","sticky":false,"template":"","format":"standard","meta":{"_monsterinsights_skip_tracking":false,"_monsterinsights_sitenote_active":false,"_monsterinsights_sitenote_note":"","_monsterinsights_sitenote_category":0,"footnotes":""},"categories":[5],"tags":[],"class_list":["post-10024","post","type-post","status-publish","format-standard","has-post-thumbnail","hentry","category-durazno"],"_links":{"self":[{"href":"https:\/\/paginacero.com.uy\/index.php?rest_route=\/wp\/v2\/posts\/10024","targetHints":{"allow":["GET"]}}],"collection":[{"href":"https:\/\/paginacero.com.uy\/index.php?rest_route=\/wp\/v2\/posts"}],"about":[{"href":"https:\/\/paginacero.com.uy\/index.php?rest_route=\/wp\/v2\/types\/post"}],"author":[{"embeddable":true,"href":"https:\/\/paginacero.com.uy\/index.php?rest_route=\/wp\/v2\/users\/4"}],"replies":[{"embeddable":true,"href":"https:\/\/paginacero.com.uy\/index.php?rest_route=%2Fwp%2Fv2%2Fcomments&post=10024"}],"version-history":[{"count":1,"href":"https:\/\/paginacero.com.uy\/index.php?rest_route=\/wp\/v2\/posts\/10024\/revisions"}],"predecessor-version":[{"id":10026,"href":"https:\/\/paginacero.com.uy\/index.php?rest_route=\/wp\/v2\/posts\/10024\/revisions\/10026"}],"wp:featuredmedia":[{"embeddable":true,"href":"https:\/\/paginacero.com.uy\/index.php?rest_route=\/wp\/v2\/media\/10025"}],"wp:attachment":[{"href":"https:\/\/paginacero.com.uy\/index.php?rest_route=%2Fwp%2Fv2%2Fmedia&parent=10024"}],"wp:term":[{"taxonomy":"category","embeddable":true,"href":"https:\/\/paginacero.com.uy\/index.php?rest_route=%2Fwp%2Fv2%2Fcategories&post=10024"},{"taxonomy":"post_tag","embeddable":true,"href":"https:\/\/paginacero.com.uy\/index.php?rest_route=%2Fwp%2Fv2%2Ftags&post=10024"}],"curies":[{"name":"wp","href":"https:\/\/api.w.org\/{rel}","templated":true}]}}