{"id":10018,"date":"2026-03-04T11:12:23","date_gmt":"2026-03-04T14:12:23","guid":{"rendered":"https:\/\/paginacero.com.uy\/?p=10018"},"modified":"2026-03-04T11:12:23","modified_gmt":"2026-03-04T14:12:23","slug":"la-gran-dama-del-teatro-uruguayo","status":"publish","type":"post","link":"https:\/\/paginacero.com.uy\/?p=10018","title":{"rendered":"La gran dama del teatro uruguayo"},"content":{"rendered":"<p><strong>Nacida en Montevideo el 13 de febrero de 1932, Estela Medina es una de las grandes figuras del teatro uruguayo. Su formaci\u00f3n comenz\u00f3 en la Escuela Municipal de Arte Dram\u00e1tico (EMAD), donde fue alumna de la legendaria actriz y directora espa\u00f1ola Margarita Xirgu, figura clave en la formaci\u00f3n de varias generaciones de actores en Uruguay.<\/strong><!--more--><\/p>\n<p>Su debut profesional se produjo a comienzos de la d\u00e9cada de 1950 y muy pronto se integr\u00f3 a la Comedia Nacional, el hist\u00f3rico elenco estable del teatro p\u00fablico de Montevideo. All\u00ed desarroll\u00f3 la mayor parte de su carrera, convirti\u00e9ndose con el paso de los a\u00f1os en una de sus primeras actrices y en una presencia central del repertorio del Teatro Sol\u00eds, escenario emblem\u00e1tico de la capital uruguaya.<\/p>\n<p>A lo largo de m\u00e1s de cinco d\u00e9cadas interpret\u00f3 personajes en obras de gran peso dentro del repertorio teatral. Entre ellas figuran \u201cMar\u00eda Estuardo\u201d, \u201cFedra\u201d, \u201cElectra\u201d, \u201cLa zapatera prodigiosa\u201d de Federico Garc\u00eda Lorca, \u201cLas de Barranco\u201d, \u201cCuarteto\u201d, \u201cTres mujeres altas\u201d de Edward Albee y \u201cEl camino a La Meca\u201d de Athol Fugard, entre muchas otras. Estos trabajos consolidaron su prestigio como actriz de gran intensidad dram\u00e1tica y dominio del escenario.<br \/>\nSu trayectoria fue reconocida en numerosas oportunidades con los Premios Florencio, el m\u00e1ximo galard\u00f3n del teatro uruguayo. Entre esas distinciones recibi\u00f3 el Florencio de Oro en 1999 y posteriormente el Florencio de Oro a la Trayectoria en 2001, premios que reconocen el conjunto de su aporte al teatro nacional.<br \/>\nTambi\u00e9n recibi\u00f3 importantes reconocimientos institucionales. En 2004 fue declarada Ciudadana Ilustre de Montevideo y en 2005 el gobierno de Francia la distingui\u00f3 como Caballero de la Orden de las Artes y las Letras, una de las distinciones culturales m\u00e1s prestigiosas de ese pa\u00eds.<\/p>\n<p>En 2009 ingres\u00f3 como Acad\u00e9mica de N\u00famero a la Academia Nacional de Letras del Uruguay y en 2015 fue nombrada Acad\u00e9mica de Honor, un reconocimiento poco frecuente para una actriz y que refleja el valor cultural de su trayectoria. A esto se suma la Medalla Delmira Agustini, otorgada por el Ministerio de Educaci\u00f3n y Cultura en 2014.<br \/>\nTras retirarse de la Comedia Nacional en 2008, continu\u00f3 vinculada al teatro con nuevos proyectos y presentaciones en el Teatro Sol\u00eds y otras salas de la regi\u00f3n, reafirmando una presencia esc\u00e9nica que ha marcado a varias generaciones de actores y espectadores.<br \/>\nCon m\u00e1s de medio siglo de actividad, Estela Medina ocupa un lugar central en la historia del teatro uruguayo. Su carrera est\u00e1 marcada por personajes memorables, premios importantes y una presencia constante en los escenarios que la convirti\u00f3 en una de las grandes referencias culturales del pa\u00eds.<\/p>\n","protected":false},"excerpt":{"rendered":"<p>Nacida en Montevideo el 13 de febrero de 1932, Estela Medina es una de las grandes figuras del teatro uruguayo. Su formaci\u00f3n comenz\u00f3 en la Escuela Municipal de Arte Dram\u00e1tico (EMAD), donde fue alumna de la legendaria actriz y directora espa\u00f1ola Margarita Xirgu, figura clave en la formaci\u00f3n de varias generaciones de actores en Uruguay.<\/p>\n","protected":false},"author":4,"featured_media":10019,"comment_status":"closed","ping_status":"closed","sticky":false,"template":"","format":"standard","meta":{"_monsterinsights_skip_tracking":false,"_monsterinsights_sitenote_active":false,"_monsterinsights_sitenote_note":"","_monsterinsights_sitenote_category":0,"footnotes":""},"categories":[5],"tags":[],"class_list":["post-10018","post","type-post","status-publish","format-standard","has-post-thumbnail","hentry","category-durazno"],"_links":{"self":[{"href":"https:\/\/paginacero.com.uy\/index.php?rest_route=\/wp\/v2\/posts\/10018","targetHints":{"allow":["GET"]}}],"collection":[{"href":"https:\/\/paginacero.com.uy\/index.php?rest_route=\/wp\/v2\/posts"}],"about":[{"href":"https:\/\/paginacero.com.uy\/index.php?rest_route=\/wp\/v2\/types\/post"}],"author":[{"embeddable":true,"href":"https:\/\/paginacero.com.uy\/index.php?rest_route=\/wp\/v2\/users\/4"}],"replies":[{"embeddable":true,"href":"https:\/\/paginacero.com.uy\/index.php?rest_route=%2Fwp%2Fv2%2Fcomments&post=10018"}],"version-history":[{"count":1,"href":"https:\/\/paginacero.com.uy\/index.php?rest_route=\/wp\/v2\/posts\/10018\/revisions"}],"predecessor-version":[{"id":10020,"href":"https:\/\/paginacero.com.uy\/index.php?rest_route=\/wp\/v2\/posts\/10018\/revisions\/10020"}],"wp:featuredmedia":[{"embeddable":true,"href":"https:\/\/paginacero.com.uy\/index.php?rest_route=\/wp\/v2\/media\/10019"}],"wp:attachment":[{"href":"https:\/\/paginacero.com.uy\/index.php?rest_route=%2Fwp%2Fv2%2Fmedia&parent=10018"}],"wp:term":[{"taxonomy":"category","embeddable":true,"href":"https:\/\/paginacero.com.uy\/index.php?rest_route=%2Fwp%2Fv2%2Fcategories&post=10018"},{"taxonomy":"post_tag","embeddable":true,"href":"https:\/\/paginacero.com.uy\/index.php?rest_route=%2Fwp%2Fv2%2Ftags&post=10018"}],"curies":[{"name":"wp","href":"https:\/\/api.w.org\/{rel}","templated":true}]}}