{"id":10002,"date":"2026-03-03T15:51:47","date_gmt":"2026-03-03T18:51:47","guid":{"rendered":"https:\/\/paginacero.com.uy\/?p=10002"},"modified":"2026-03-03T15:51:47","modified_gmt":"2026-03-03T18:51:47","slug":"mas-del-80-de-los-compromisos-asumidos-estan-en-marcha-discurso-del-presidente-yamandu-orsi-ante-la-asamblea-general","status":"publish","type":"post","link":"https:\/\/paginacero.com.uy\/?p=10002","title":{"rendered":"\u201cM\u00e1s del 80% de los compromisos asumidos est\u00e1n en marcha\u201d. Discurso del Presidente Yamand\u00fa Orsi ante la Asamblea General."},"content":{"rendered":"<p><strong>En un discurso centrado en la rendici\u00f3n de cuentas y la proyecci\u00f3n estrat\u00e9gica del pa\u00eds, el presidente Yamand\u00fa Orsi realiz\u00f3 un balance de su primer a\u00f1o de gesti\u00f3n ante la Asamblea General. Destac\u00f3 que m\u00e1s del 80% de las prioridades definidas est\u00e1n en marcha, defendi\u00f3 el rumbo econ\u00f3mico y social del gobierno y anunci\u00f3 nuevas reformas en materia de seguridad, justicia, desarrollo productivo e inserci\u00f3n internacional, reafirmando que \u201cla estabilidad es una estrategia activa\u201d en un mundo marcado por la incertidumbre.<\/strong><\/p>\n<p>por Enrique Antonio<!--more--><\/p>\n<p><strong>Rendici\u00f3n de Cuenta y proyecci\u00f3n a futuro <\/strong><\/p>\n<p>\u201cHoy, estoy aqu\u00ed ante esta asamblea,&#8230;fundamentalmente para rendir cuentas. Rendir cuentas de las obligaciones que mi gobierno asumi\u00f3 para que el Uruguay siga siendo lo que ha sido, es y ser\u00e1: un faro del republicanismo democr\u00e1tico, de la seguridad jur\u00eddica y de la calidad institucional, de la democracia plena y del respeto por la ley, del desarrollo econ\u00f3mico con inclusi\u00f3n social en un mundo cada vez m\u00e1s radicalizado y extremista, porque estoy convencido de que rendir cuentas es el ejercicio m\u00e1ximo de la democracia.\u201d<\/p>\n<p>Hizo referencia a que se presentaba ante la Asamblea, no para enumerar acciones si no para \u201creafirmar el rumbo\u201d del gobierno y de Uruguay.<\/p>\n<p><strong>Un a\u00f1o de la asunci\u00f3n <\/strong><\/p>\n<p>\u201cHace un a\u00f1o, asum\u00ed el gobierno de un pa\u00eds que celebraba 40 a\u00f1os ininterrumpidos de<\/p>\n<p>democracia. 40 a\u00f1os de alternancia pac\u00edfica. 40 a\u00f1os de institucionalidad estable en una<\/p>\n<p>regi\u00f3n donde no siempre fue la norma. Hoy esa estabilidad vale m\u00e1s que entonces.\u201d<\/p>\n<p><strong>Geopol\u00edtica <\/strong><\/p>\n<p>\u201cEl mundo atraviesa una transformaci\u00f3n estructural\u2026 un cambio de \u00e9poca. En el plano geopol\u00edtico, asistimos a una fragmentaci\u00f3n creciente, guerras sin resoluci\u00f3n, sin explicaci\u00f3n ni l\u00f3gica aparente, conflictos que reconfiguran alianzas, una disputa estrat\u00e9gica por energ\u00eda, minerales y tecnolog\u00eda, con cada vez m\u00e1s frentes activos, con cada vez m\u00e1s guerras.<\/p>\n<p>Las cadenas globales de suministro se reorganizan bajo criterios de seguridad nacional, el comercio dej\u00f3 de ser solo comercio, hoy es geopol\u00edtica. En el plano econ\u00f3mico, persisten tensiones inflacionarias, desigualdades profundas y una discusi\u00f3n abierta sobre el papel del Estado en la protecci\u00f3n social. El crecimiento, sino distribuye, no cohesiona.<\/p>\n<p>En el plano tecnol\u00f3gico, la inteligencia artificial redefine procesos productivos, la<\/p>\n<p>automatizaci\u00f3n reconfigura completamente el trabajo y la ciencia acelera descubrimientos en salud, energ\u00eda y materiales. El conocimiento se ha convertido en poder estrat\u00e9gico.\u201d<\/p>\n<p><strong>Democracia<\/strong><\/p>\n<p>\u201cEn el plano democr\u00e1tico, observamos un fen\u00f3meno m\u00e1s delicado a\u00fan: desinformaci\u00f3n,<\/p>\n<p>polarizaci\u00f3n, descreimiento institucional. Por eso, estoy convencido de que la<\/p>\n<p>democracia no puede darse por garantizada; debe ejercerse todos los d\u00edas.<\/p>\n<p>Frente a este escenario, Uruguay ten\u00eda dos caminos: resignarse a la incertidumbre o<\/p>\n<p>reafirmar su identidad. Elegimos reafirmarnos.Somos un pa\u00eds de reglas claras, un pa\u00eds de convivencia, un pa\u00eds que entiende que la estabilidad no es inmovilidad, si no, la plataforma para transformar, porque en un mundo inestable la estabilidad es una activa estrategia y en un mundo desigual, la justicia social es una obligaci\u00f3n moral.\u201d<\/p>\n<p><strong>Ordenar el pa\u00eds y definici\u00f3n de prioridades<\/strong><\/p>\n<p>\u201cEmpezamos por ordenar para poder transformar. No hay<\/p>\n<p>transformaci\u00f3n posible sin bases firmes, no hay proyectos sostenibles sobre cimientos<\/p>\n<p>fr\u00e1giles, nuestro gobierno recibi\u00f3 un d\u00e9ficit fiscal superior al 4% del producto bruto<\/p>\n<p>interno (PBI), el m\u00e1s alto en d\u00e9cadas. Hab\u00eda gastos trasladados al a\u00f1o 2025 por varios<\/p>\n<p>millones de d\u00f3lares, contratos que exig\u00edan revisi\u00f3n t\u00e9cnica y jur\u00eddica, como el tema de<\/p>\n<p>las patrulleras oce\u00e1nicas o el proyecto Neptuno, obligaciones sin un respaldo<\/p>\n<p>presupuestal muy claro.<\/p>\n<p>Definimos 63 prioridades estrat\u00e9gicas, con responsables y cronogramas. Hoy<\/p>\n<p>m\u00e1s del 80%, est\u00e1 en marcha, de esas 63 prioridades. Ordenar tambi\u00e9n implic\u00f3 fortalecer las bases fiscales del pa\u00eds. Ordenar las cuentas p\u00fablicas no es un fin en s\u00ed mismo, es la condici\u00f3n para sostener pol\u00edticas sociales, invertir en infraestructura, fortalecer la salud, la educaci\u00f3n y la seguridad.<\/p>\n<p><strong>Impuesto a multinacionales y reformulaci\u00f3n de regla fiscal<\/strong><\/p>\n<p>\u201cTal como nos comprometimos, avanzamos en la implementaci\u00f3n del impuesto m\u00ednimo global, para que las grandes multinacionales que operan en el Uruguay tributen<\/p>\n<p>aqu\u00ed. Para 2027, proyectamos una recaudaci\u00f3n inicial del entorno de los 360 millones de<\/p>\n<p>d\u00f3lares. Esos recursos son por y para los uruguayos. Es una se\u00f1al clara: Uruguay<\/p>\n<p>cumple, se adapta a las nuevas reglas globales y defiende su base tributaria con<\/p>\n<p>responsabilidad.<\/p>\n<p>Concretamos, adem\u00e1s, una reformulaci\u00f3n profunda de la regla fiscal mediante la Ley de<\/p>\n<p>Presupuesto. Ordenar no fue un ajuste contable de la herencia recibida, fue un acto de responsabilidad estructural. La dignidad de una sociedad se eval\u00faa, en buena medida,<\/p>\n<p>por la calidad del trabajo que ofrece y por la justicia en los ingresos que distribuye.\u201d<\/p>\n<p><strong>Trabajo<\/strong><\/p>\n<p>\u201cEn 2025, se crearon 26.000 nuevos puestos de trabajo. Uruguay alcanz\u00f3 1.755.000<\/p>\n<p>personas ocupadas, se generaron 19.000 empleos femeninos, la tasa de empleo de las<\/p>\n<p>mujeres alcanz\u00f3 su m\u00e1ximo hist\u00f3rico, la inflaci\u00f3n fue la m\u00e1s baja en 25 a\u00f1os.<\/p>\n<p>Proyectamos que las jubilaciones crecer\u00e1n un 6%, dos puntos por encima de la<\/p>\n<p>inflaci\u00f3n.<\/p>\n<p>En mi primer a\u00f1o de gesti\u00f3n, las exportaciones de bienes alcanzaron el mayor registro<\/p>\n<p>hist\u00f3rico de la \u00faltima d\u00e9cada, superando los 13.400 millones de d\u00f3lares. La<\/p>\n<p>decimoprimera ronda del Consejo de Salarios reuni\u00f3 248 mesas, m\u00e1s de 990.000<\/p>\n<p>cotizantes. Hubo m\u00e1s de 90% acuerdos cerrados y el 83% por consenso.<\/p>\n<p>En el sector p\u00fablico, conciliamos la negociaci\u00f3n colectiva, alcanzando 236.078<\/p>\n<p>funcionarios del Estado. En el tercer trimestre del 2025, se abrieron 11.600 empresas,<\/p>\n<p>generando casi 14.000 empleos.<\/p>\n<p>El programa Yo Estudio y Trabajo cre\u00f3 751 puestos formales. Avanzamos ahora, este<\/p>\n<p>a\u00f1o, hacia los 12.000 empleos juveniles, y para eso, en un corto plazo, enviaremos a<\/p>\n<p>este Parlamento un nuevo proyecto de ley de empleo juvenil.\u201d<\/p>\n<p><strong>Transferencia a Gobiernos Departamentales<\/strong><\/p>\n<p>\u201cDestinamos 800 millones de d\u00f3lares a los gobiernos departamentales y creamos un<\/p>\n<p>fondo adicional de 80 millones, la mayor transferencia de recursos de la historia reciente<\/p>\n<p>en los gobiernos departamentales, porque estoy convencido de que un pa\u00eds se construye con 19 departamentos fuertes.<\/p>\n<p>Sabemos que, en los departamentos de frontera, la situaci\u00f3n es particular, por eso,<\/p>\n<p>implementamos medidas espec\u00edficas para zonas lim\u00edtrofes: devoluci\u00f3n del impuesto al<\/p>\n<p>valor agregado (IVA), devoluci\u00f3n del impuesto espec\u00edfico interno (Imesi) en<\/p>\n<p>combustibles, r\u00e9gimen de importaci\u00f3n para peque\u00f1os comercios y descuentos en aportes<\/p>\n<p>patronales.\u201d<\/p>\n<p><strong>Salud<\/strong><\/p>\n<p>\u201cUna sociedad se reconoce tambi\u00e9n en c\u00f3mo cuida a quienes m\u00e1s nos necesitan.<\/p>\n<p>Regularizamos el abastecimiento de casi 100 medicamentos que estaban en falta.<\/p>\n<p>Redujimos un 15% las listas de espera en especialidades cr\u00edticas, un 6,5% en la lista<\/p>\n<p>quir\u00fargica general y un 55% el retraso en cirug\u00edas oftalmol\u00f3gicas infantiles, en este<\/p>\n<p>punto, perm\u00edtanme, es de rigor reconocer y recordar la solidaridad de los m\u00e9dicos<\/p>\n<p>cubanos que permitieron que m\u00e1s de 95.000 compatriotas recuperaran la vista en forma<\/p>\n<p>gratuita.<\/p>\n<p>La mortalidad infantil contin\u00faa descendiendo, se ubica un 6,3 por 1.000 nacidos vivos.<\/p>\n<p>Incorporamos la vacuna contra el meningococo al calendario sin costo para las familias, eliminamos el pago para la cirug\u00eda laparosc\u00f3pica de apendicitis. A partir de diciembre<\/p>\n<p>del a\u00f1o pasado, toda persona que necesite un cardiodesfibrilador puede acceder sin<\/p>\n<p>costo.<\/p>\n<p>Como me compromet\u00ed, este a\u00f1o se inician las obras en el Hospital de la Costa, en<\/p>\n<p>Atl\u00e1ntida, con una inversi\u00f3n estimada en 40 millones de d\u00f3lares, y priorizamos 16<\/p>\n<p>centros asistenciales en todo el pa\u00eds, para mejoras en infraestructura, ampliaci\u00f3n horaria<\/p>\n<p>e incorporaci\u00f3n de especialidades.\u201d<\/p>\n<p><strong>Pol\u00edticas en salud mental<\/strong><\/p>\n<p>\u201cConstruimos la Estrategia Nacional de Salud Mental, en ese sentido, impulsamos planes departamentales en todo el territorio para reducir las brechas entre departamentos y<\/p>\n<p>entre prestadores. Pusimos en marcha la iniciativa Acci\u00f3n Pa\u00eds por Salud Mental, y todo<\/p>\n<p>esto lo respaldamos con presupuesto.<\/p>\n<p>Hemos destinado recursos al Ministerio de Salud P\u00fablica y a la Administraci\u00f3n de los<\/p>\n<p>Servicios de Salud del Estado para fortalecer equipos, al Ministerio de Desarrollo Social<\/p>\n<p>para atenci\u00f3n en contextos de alta vulnerabilidad y al programa Ni Silencio Ni Tab\u00fa, del<\/p>\n<p>Instituto Nacional de la Juventud.<\/p>\n<p>Le dimos al tema la atenci\u00f3n y centralidad que merece. Durante 2026, se implementar\u00e1n<\/p>\n<p>dos hospitales de d\u00eda, dos casas de medio camino, un centro de rehabilitaci\u00f3n, una<\/p>\n<p>unidad de corta estad\u00eda para adolescentes en Saint Bois, una unidad de atenci\u00f3n<\/p>\n<p>domiciliaria en Vilardeb\u00f3, nueve equipos comunitarios de salud mental con impacto en<\/p>\n<p>todo el territorio nacional, cincuenta nuevos recursos humanos dedicados<\/p>\n<p>espec\u00edficamente a salud mental. Adem\u00e1s, se construir\u00e1n salas de salud mental en hospitales generales y se desarrollar\u00e1n dispositivos alternativos conforme a la Ley de Salud Mental.\u201d<\/p>\n<p><strong>Pol\u00edticas para la primera infancia, ni\u00f1ez y adolescencia. <\/strong><\/p>\n<p>\u201cLa igualdad en un pa\u00eds empieza cuando se nivela en los primeros a\u00f1os de vida. Por eso,<\/p>\n<p>apenas asumimos el Gobierno tom\u00e9 una decisi\u00f3n clara: poner a la ni\u00f1ez en el centro.<\/p>\n<p>Hicimos la mayor asignaci\u00f3n presupuestal para la primera infancia en la historia del<\/p>\n<p>Uruguay con la aprobaci\u00f3n del Presupuesto. Reglamentamos la Ley de Garant\u00edas para la Primera Infancia, consolidando un nuevo marco institucional para coordinar y monitorear las pol\u00edticas dirigidas a ni\u00f1os, ni\u00f1as y adolescentes.<\/p>\n<p>M\u00e1s de 170.000 ni\u00f1os y ni\u00f1as acceden este mes al bono Vuelta a Clases, garantizando<\/p>\n<p>que el inicio del a\u00f1o lectivo no dependa del bolsillo de las familias. Con una cobertura<\/p>\n<p>gradual, al final del per\u00edodo, 300.000 ni\u00f1os y ni\u00f1as contar\u00e1n con este beneficio.<\/p>\n<p>Fortalecimos la tarjeta Uruguay Social y el Bono Crianza, con incrementos de hasta el<\/p>\n<p>50% para los hogares de mayor vulnerabilidad.<\/p>\n<p>Comenz\u00f3 el programa Crece desde el Pie, para acompa\u00f1ar a las familias desde el<\/p>\n<p>nacimiento, articulando salud, vivienda y desarrollo infantil, para que ning\u00fan ni\u00f1o d\u00e9<\/p>\n<p>sus primeros pasos en una casa con piso de tierra, porque estamos convencidos, estoy<\/p>\n<p>convencido, de que un pa\u00eds que invierte en sus gurises est\u00e1 construyendo futuro.\u201d<\/p>\n<p><strong>Educaci\u00f3n <\/strong><\/p>\n<p>\u201cEn materia educativa, dimos pasos concretos. Y, como lo he sostenido siempre, las<\/p>\n<p>pol\u00edticas de este Gobierno son para transformar, no para refundar. Presentamos los proyectos de fundaci\u00f3n de la Universidad de la Educaci\u00f3n y de ampliaci\u00f3n de la participaci\u00f3n de la Administraci\u00f3n Nacional de Educaci\u00f3n P\u00fablica<\/p>\n<p>(ANEP), restituyendo la voz de los docentes de la educaci\u00f3n p\u00fablica.<\/p>\n<p>Avanzamos en la ampliaci\u00f3n del tiempo educativo con una hoja de ruta que llevar\u00e1 a<\/p>\n<p>100.000 ni\u00f1os y ni\u00f1as a escuelas de tiempo completo o extendido para 2029.<\/p>\n<p>Este a\u00f1o duplicamos la cobertura en comedores escolares en educaci\u00f3n media, m\u00e1s de<\/p>\n<p>50 comedores para que 40.000 estudiantes puedan almorzar en el liceo o en la UTU,<\/p>\n<p>porque las preocupaciones de estos gurises no pueden pasar por la alimentaci\u00f3n.<\/p>\n<p>Y, para este a\u00f1o, convocamos al Congreso Nacional de Educaci\u00f3n, el primero en ocho<\/p>\n<p>a\u00f1os, porque las grandes decisiones sobre el futuro de nuestros hijos se construyen con<\/p>\n<p>la sociedad. Transformar la educaci\u00f3n no es s\u00f3lo cambiar contenidos, es cambiar las<\/p>\n<p>condiciones en las que aprendemos y construir juntos el pa\u00eds que queremos ser.<\/p>\n<p>Este a\u00f1o arranca tambi\u00e9n el programa M\u00e1s Deportes M\u00e1s Experiencias Educativas, en<\/p>\n<p>45 escuelas de todo el pa\u00eds, construiremos diez polideportivos para la educaci\u00f3n f\u00edsicas<\/p>\n<p>de escuelas, liceos y UTU, abiertos tambi\u00e9n a la comunidad.\u201d<\/p>\n<p><strong>Personas en situaci\u00f3n de calle <\/strong><\/p>\n<p>\u201cNadie se realiza en una sociedad que deja atr\u00e1s a los m\u00e1s fr\u00e1giles. La enfermedad, la<\/p>\n<p>vejez, la p\u00e9rdida del trabajo o la calle no pueden ser pruebas individuales.<\/p>\n<p>Cuando asumimos, Uruguay hab\u00eda alcanzado un r\u00e9cord hist\u00f3rico de personas viviendo<\/p>\n<p>en la calle. Es un problema que sigue. Decidimos no mirar para otro lado. Implementamos el Plan Invierno, con cupos ampliados y atenci\u00f3n sanitaria, y la emergencia, claro est\u00e1, que es necesaria pero no es suficiente. Por eso, estamos construyendo un abordaje integral que combina emergencia, salud, acompa\u00f1amiento social y salida sostenida de la calle.<\/p>\n<p>Reordenamos programas sociales, eliminaremos superposiciones y mejoraremos la<\/p>\n<p>llegada territorial, porque la pol\u00edtica social no puede ser un laberinto burocr\u00e1tico para<\/p>\n<p>quien m\u00e1s necesita ayuda.\u201d<\/p>\n<p><strong>Vivienda <\/strong><\/p>\n<p>\u201cAvanzamos en ampliar el acceso al cr\u00e9dito hipotecario para familias de ingresos<\/p>\n<p>medios, que hoy quedan en una zona intermedia del sistema habitacional.<\/p>\n<p>En este quinquenio, desarrollaremos 69.334 soluciones habitacionales. Los uruguayos<\/p>\n<p>podr\u00e1n acceder al programa Primera Vivienda, que combinar\u00e1 subsidios a capital y<\/p>\n<p>subsidios a la cuota, un instrumento estructural para que miles de familias puedan<\/p>\n<p>acceder a su primera vivienda propia en condiciones m\u00e1s justas y adecuadas a la<\/p>\n<p>realidad de sus ingresos.<\/p>\n<p>Hoy tenemos 175 cooperativas en obra, con m\u00e1s de 5.400 viviendas en desarrollo en<\/p>\n<p>Montevideo y en el interior. Detr\u00e1s de cada una de esas viviendas hay una historia<\/p>\n<p>colectiva que vale la pena impulsar. Uruguay registra hoy 667 asentamientos, m\u00e1s o<\/p>\n<p>menos. Esta cifra nos interpela como estado y como sociedad.<\/p>\n<p>Por eso, en este quinquenio, duplicaremos el financiamiento destinado a la integraci\u00f3n<\/p>\n<p>socio habitacional.\u201d<\/p>\n<p><strong>Di\u00e1logo Social <\/strong><\/p>\n<p>\u201cEn estas semanas, estamos en la recta final del Di\u00e1logo Social m\u00e1s<\/p>\n<p>amplio que ha tenido el pa\u00eds en a\u00f1os. Como resultado, redise\u00f1aremos el sistema de<\/p>\n<p>transferencias a hogares con ni\u00f1os y adolescentes vulnerables, unificando prestaciones<\/p>\n<p>dispersas y mejorando los montos.<\/p>\n<p>Fortaleceremos el Sistema de Cuidados y avanzaremos en los cambios comprometidos<\/p>\n<p>en jubilaciones y pensiones. Jubilaci\u00f3n a los 60 a\u00f1os para los m\u00e1s vulnerables, piso de<\/p>\n<p>protecci\u00f3n ampliada y mejoras en el pilar de ahorro individual.\u201d<\/p>\n<p><strong>Seguridad<\/strong><\/p>\n<p>\u201cEn los \u00faltimos a\u00f1os, este pa\u00eds ha sido asediado por el crimen organizado. Con niveles<\/p>\n<p>elevados de violencia y un sistema penitenciario desbordado, tomamos una decisi\u00f3n:<\/p>\n<p>enfrentar el problema sin negar la realidad, pero sin caer en atajos que no funcionan.<\/p>\n<p>Avanzamos en la incorporaci\u00f3n para fines de este a\u00f1o de 1.700 funcionarios policiales,<\/p>\n<p>1.200 efectivos en proceso de cobertura de vacantes y 500 nuevos cargos para el<\/p>\n<p>Instituto Nacional de Rehabilitaci\u00f3n, y la meta es clara, llegar cuanto antes al<\/p>\n<p>compromiso de los 2.000 nuevos efectivos.<\/p>\n<p>A su vez, reorganizamos el despliegue para que haya m\u00e1s polic\u00edas en la calle, donde se<\/p>\n<p>los necesita. Tambi\u00e9n dijimos en campa\u00f1a que reforzar\u00edamos el sistema con 20.000<\/p>\n<p>c\u00e1maras de videovigilancia. Pues bien, ya superamos esa meta.<\/p>\n<p>Hoy tenemos m\u00e1s de 20.000 dispositivos en funcionamiento integrando p\u00f3rticos,<\/p>\n<p>lectores de matr\u00edculas, drones y radares m\u00f3viles y una red interconectada de prevenci\u00f3n<\/p>\n<p>e investigaci\u00f3n. Respaldamos institucionalmente al trabajador policial.<\/p>\n<p>Firmamos un convenio hist\u00f3rico con la uni\u00f3n de sindicatos policiales, que incluye<\/p>\n<p>mejoras salariales, compensaciones especiales, la creaci\u00f3n de la Direcci\u00f3n Nacional de<\/p>\n<p>Bienestar Laboral y Psicosocial y refuerzo en la atenci\u00f3n de la salud mental. Dimos un<\/p>\n<p>paso institucional clave, la creaci\u00f3n del Sistema Integral de Lucha contra el crimen<\/p>\n<p>organizado y el narcotr\u00e1fico.<\/p>\n<p>Por primera vez, el Estado act\u00faa como un solo cuerpo frente a este desaf\u00edo: Presidencia,<\/p>\n<p>Ministerio del Interior, Ministerio de Defensa, Ministerio de Econom\u00eda, Canciller\u00eda e<\/p>\n<p>Inteligencia, coordinando bajo un mismo marco. Golpeamos donde duele. En la<\/p>\n<p>log\u00edstica, en el territorio y especialmente en el dinero.<\/p>\n<p>En materia de crimen organizado, obtuvimos resultados contundentes, operativos de<\/p>\n<p>inteligencia patrimonial y seguimiento financiero permitieron capturar a l\u00edderes de<\/p>\n<p>bandas vinculadas al narcotr\u00e1fico, desarticular redes de microtr\u00e1fico con ramificaciones<\/p>\n<p>carcelarias e internacionales y concretar extradiciones de figuras claves vinculadas a<\/p>\n<p>redes de tr\u00e1fico de coca\u00edna con destino a Europa. Avanzamos en la consolidaci\u00f3n de un<\/p>\n<p>modelo de Polic\u00eda Comunitaria orientada a problemas.\u201d<\/p>\n<p><strong>Violencia de g\u00e9nero <\/strong><\/p>\n<p>\u201cFortalecimos la protecci\u00f3n de v\u00edctima de violencia basada en g\u00e9nero mediante la<\/p>\n<p>herramienta tecnol\u00f3gica \u00c9lida 360. Este a\u00f1o, iniciaremos la construcci\u00f3n de dos<\/p>\n<p>c\u00e1rceles de m\u00e1xima seguridad con estrictos controles y tecnolog\u00eda de punta para<\/p>\n<p>personas imputadas o condenadas por delitos que representan un alto riesgo para la<\/p>\n<p>seguridad p\u00fablica.\u201d<\/p>\n<p><strong>C\u00e1rceles y programa M\u00e1s Barrio.<\/strong><\/p>\n<p>\u201cIniciamos la transformaci\u00f3n del Instituto Nacional de Rehabilitaci\u00f3n.<\/p>\n<p>Lanzamos la campa\u00f1a nacional de alfabetizaci\u00f3n en c\u00e1rceles y el Plan Nacional de<\/p>\n<p>Educaci\u00f3n en C\u00e1rceles. Dise\u00f1amos el programa M\u00e1s Barrio, una pol\u00edtica integral para<\/p>\n<p>reducir los violentos y mejorar la convivencia en zonas de alta exclusi\u00f3n. Seleccionamos<\/p>\n<p>los primeros cinco barrios de intervenci\u00f3n para el 2026. En abril pr\u00f3ximo comenzaremos a trabajar en Cerro Norte.<\/p>\n<p>Para impulsar esta estrategia de pacificaci\u00f3n y desarrollo urbano, avanzamos junto a<\/p>\n<p>todos los partidos pol\u00edticos en un plan nacional de seguridad p\u00fablica.\u201d<\/p>\n<p><strong>Ministerio de Justicia <\/strong><\/p>\n<p>\u201cEl Presidente expres\u00f3 que \u201cla seguridad no es un problema que se resuelva cada cinco a\u00f1os, necesita mirada larga y pol\u00edticas de Estado. Es por esto que tom\u00e9 la decisi\u00f3n de enviar al Parlamento para su consideraci\u00f3n en las pr\u00f3ximas semanas un proyecto de ley para la creaci\u00f3n del Ministerio de Justicia y Derechos Humanos.<\/p>\n<p>En paralelo, seguiremos fortaleciendo la pol\u00edtica de memoria, abriendo archivos y<\/p>\n<p>democratizando la informaci\u00f3n.<\/p>\n<p>Asimismo, enviar\u00eda al Parlamento una reforma del C\u00f3digo de Proceso Penal elaborada<\/p>\n<p>por el grupo asesor t\u00e9cnico durante el a\u00f1o 2025. Este proyecto de reforma refuerza<\/p>\n<p>garant\u00edas fundamentales, concilia la figura del juez de garant\u00eda, actualiza el estatuto de<\/p>\n<p>las v\u00edctimas y moderniza el r\u00e9gimen de medidas cautelares e impugnaciones.<\/p>\n<p>No rompe con lo construido, lo perfecciona. Trabajamos con responsabilidad porque<\/p>\n<p>este presidente entiende que el miedo no se combate con gritos, sino con Estado, con<\/p>\n<p>inteligencia, con profesionalismo y presencia real.\u201d<\/p>\n<p><strong>Transporte<\/strong><\/p>\n<p>\u201cPresentamos los lineamientos del Plan Maestro Ferroviario con Horizonte 2035 y<\/p>\n<p>estructuramos un fideicomiso financiado con peajes ferroviarios. El tren vuelve a hacer<\/p>\n<p>parte del futuro productivo del pa\u00eds.<\/p>\n<p>El a\u00f1o pasado, casi duplicamos la participaci\u00f3n de la flota el\u00e9ctrica en el transporte<\/p>\n<p>p\u00fablico. La meta es alcanzar el 50% del transporte p\u00fablico en el a\u00f1o 2030. Estoy<\/p>\n<p>convencido de que el transporte tambi\u00e9n es justicia social.<\/p>\n<p>Creamos, junto a los gobiernos departamentales de Montevideo, Canelones y San<\/p>\n<p>Jos\u00e9, la agencia del Sistema de Transporte Metropolitano y anunciamos la creaci\u00f3n de<\/p>\n<p>dos ejes troncales de alt\u00edsima frecuencia: Camino Maldonado-Ciudad Vieja y Ciudad de<\/p>\n<p>la Costa-Ciudad Vieja.<\/p>\n<p>Las obras comenzar\u00e1n en el 2027 y proyectamos que el sistema estar\u00e1 operativo en el<\/p>\n<p>a\u00f1o 2029. Para eso, contamos con l\u00edneas de cr\u00e9dito BID y CAF. El objetivo es reducir<\/p>\n<p>un tercio en los tiempos de viaje en los principales corredores.\u201d<\/p>\n<p><strong>Cultura <\/strong><\/p>\n<p>\u201cSeguimos acompa\u00f1ando el desarrollo de nuestra identidad cultural.<\/p>\n<p>Dotamos al teatro independiente de presupuesto por primera vez en la historia de<\/p>\n<p>nuestro pa\u00eds. Dise\u00f1amos la Biblioteca del Futuro, para reconvertir nuestra biblioteca<\/p>\n<p>nacional, y devolvimos el cine uruguayo a las pantallas p\u00fablicas. Lanzamos Ac\u00e1 Se<\/p>\n<p>Filma, un programa que posiciona a Uruguay como destino f\u00edlmico. Esto apoya el<\/p>\n<p>talento nacional y confirma nuestro lugar como centro audiovisual en la regi\u00f3n.<\/p>\n<p>Gobernar hoy tambi\u00e9n es saber pararse en el mundo.\u201d<\/p>\n<p><strong>Pol\u00edtica exterior <\/strong><\/p>\n<p>Nos comprometimos a llevar adelante una pol\u00edtica exterior de Estado construida a trav\u00e9s del di\u00e1logo democr\u00e1tico incluyente y participativo, orientada al desarrollo integral del pa\u00eds y a la<\/p>\n<p>defensa de su soberan\u00eda.<\/p>\n<p>En este primer a\u00f1o, ha quedado claro que Uruguay tiene la oportunidad y<\/p>\n<p>responsabilidad de desempe\u00f1ar un rol proactivo y constructivo, tanto en el escenario<\/p>\n<p>regional como en el global. Fuimos convocados a presidir el Consenso de Brasilia, a<\/p>\n<p>presidir la Celac o el G-77. Recordemos adem\u00e1s que este a\u00f1o la segunda mitad<\/p>\n<p>asumiremos la presidencia del Mercosur.<\/p>\n<p><strong>Exportaciones y econom\u00eda exterior<\/strong><\/p>\n<p>\u201cNuestra agenda de inserci\u00f3n comercial fue intensa y dio resultados. La misi\u00f3n a China fue un ejemplo concreto. Firmamos m\u00e1s de 30 acuerdos, ratificamos una cuota de 300.000 toneladas de carne bovina, ampliando en cerca de un 50% nuestro potencial de colocaci\u00f3n. Abrimos una nueva modalidad de exportaci\u00f3n de carne aviar y acordamos trabajar conjuntamente en la producci\u00f3n de la vacuna contra la garrapata.<\/p>\n<p>Este Parlamento aprob\u00f3 hace pocas horas el acuerdo comercial entre Mercosur y la<\/p>\n<p>Uni\u00f3n Europea, que crear\u00e1 un mercado de 700 millones de personas. Uruguay, junto<\/p>\n<p>con Argentina, se convirtieron en los primeros pa\u00edses en completar su proceso de<\/p>\n<p>ratificaci\u00f3n con pocas horas de diferencia.<\/p>\n<p>En noviembre, fue aceptada nuestra solicitud de adhesi\u00f3n al Tratado Transpac\u00edfico,<\/p>\n<p>conformado por 12 pa\u00edses que representan el 15% del producto bruto mundial y m\u00e1s de<\/p>\n<p>595 millones de personas.<\/p>\n<p>El 18 de febrero solicitamos formalmente nuestra incorporaci\u00f3n a la Asociaci\u00f3n<\/p>\n<p>Econ\u00f3mica Integral Regional integrada por 10 pa\u00edses de la Asociaci\u00f3n de Naciones de<\/p>\n<p>Asia Sudoriental (Asean), m\u00e1s Australia, China, Corea del Sur, Jap\u00f3n y Nueva Zelanda,<\/p>\n<p>que representan el 30% del producto bruto mundial y un tercio de la poblaci\u00f3n mundial.<\/p>\n<p>Nuestra pol\u00edtica exterior una pol\u00edtica de resultados, abrir mercados para lo que<\/p>\n<p>producimos, atraer inversiones que generen empleo y defender el inter\u00e9s nacional con<\/p>\n<p>inteligencia. La estabilidad que tanto valoramos, puertas adentro tambi\u00e9n es un activo<\/p>\n<p>puertas afuera. Y esa estabilidad es la que nos permite negociar, atraer inversiones y<\/p>\n<p>generar oportunidades para nuestra gente.\u201d<\/p>\n<p><strong>El agua y OSE<\/strong><\/p>\n<p>\u201cEl agua es salud, es producci\u00f3n, es calidad de vida y es soberan\u00eda.<\/p>\n<p>Reactivamos el proyecto de represa de Casup\u00e1, como pieza central de la seguridad<\/p>\n<p>h\u00eddrica en el \u00e1rea metropolitana y se trata de la mayor inversi\u00f3n hist\u00f3rica de OSE para<\/p>\n<p>asegurar el abastecimiento de agua potable hasta el 2045. En saneamiento, siguiendo una l\u00ednea de trabajo que ven\u00eda del Gobierno anterior, confirmamos una l\u00ednea de cr\u00e9dito con Fonplata, con 325 millones de d\u00f3lares, y empezamos a ejecutar las obras en Young, Rocha, Lascano, Minas, Aigu\u00e1, Las Piedras, Progreso, Colonia del Sacramento y Ecilda Paullier.<\/p>\n<p>La meta es ejecutar 40 millones de d\u00f3lares anuales, superando ampliamente los niveles<\/p>\n<p>hist\u00f3ricos de inversi\u00f3n. Implementamos el Plan Nacional de Aguas, con nuevas<\/p>\n<p>estaciones de monitoreo y herramientas de alerta temprana. Y en el 2026 avanzaremos, con el observatorio hidrol\u00f3gico, porque no hay desarrollo posible sin seguridad h\u00eddrica. El agua segura, el saneamiento universal y la transici\u00f3n energ\u00e9tica son garant\u00edas de vida digna para las pr\u00f3ximas generaciones.<\/p>\n<p>En un mundo que compite por conocimiento, Uruguay apuesta a producir urgentemente.<\/p>\n<p>M\u00e1s y mejor, agregando valor, cuidando recursos, integrando gente y regiones del pa\u00eds.<\/p>\n<p>Pusimos en marcha Uruguay Nova, articulando Estado, universidades, sistema<\/p>\n<p>cient\u00edfico y sector productivo. La prioridad del tema se refleja en los 30 millones de d\u00f3lares asignados para fortalecer el Sistema de Innovaci\u00f3n.\u201d<\/p>\n<p><strong>El agro y la producci\u00f3n <\/strong><\/p>\n<p>\u201cDimos un paso decisivo en la expansi\u00f3n del riego multipredial y a mediados de este mes<\/p>\n<p>de marzo presentaremos la Estrategia Nacional de Riego y una ventanilla \u00fanica que<\/p>\n<p>simplificar\u00e1 tr\u00e1mites e impulsar\u00e1 inversiones: invertir en riego y dar certezas al<\/p>\n<p>productor y planificar el desarrollo frente al cambio clim\u00e1tico.<\/p>\n<p>Reactivamos con fuerza la pol\u00edtica de Colonizaci\u00f3n y en 2025 escrituramos m\u00e1s de<\/p>\n<p>9.000 hect\u00e1reas en ocho departamentos. Con una inversi\u00f3n hist\u00f3rica, de m\u00e1s de 49<\/p>\n<p>millones de d\u00f3lares en compras de tierras y una adjudicaci\u00f3n que prioriza mujeres y<\/p>\n<p>j\u00f3venes.<\/p>\n<p>Ya lanzamos el Plan Nacional de Lucha contra la Garrapata, ante una amenaza que<\/p>\n<p>genera p\u00e9rdidas estimadas en 95 millones de d\u00f3lares anuales. Avanzamos en una vacuna<\/p>\n<p>innovadora desarrollada en Uruguay por el Instituto Pasteur. Nuestra apuesta al campo<\/p>\n<p>va m\u00e1s all\u00e1 de la emergencia.<\/p>\n<p>A trav\u00e9s del programa Procr\u00eda, acompa\u00f1amos a 1.000 productores de hasta 1.000<\/p>\n<p>hect\u00e1reas con 100 t\u00e9cnicos extensionistas para mejorar los indicadores productivos y<\/p>\n<p>deductivos, de la ganader\u00eda, bobina y ovina. En esa l\u00ednea, dimos pasos que no se daban<\/p>\n<p>desde hac\u00eda d\u00e9cadas. Volvimos a convocar al Consejo Coordinador de Tecnolog\u00eda<\/p>\n<p>Agropecuaria, que no se citaba del 2007. Y lanzamos el Fondo de Promoci\u00f3n de la Tecnolog\u00eda Agropecuaria por 6 millones de d\u00f3lares. Creamos la primera unidad mixta internacional con Brasil y dos laboratorios conjuntos con China, uno en soja y otro en ganader\u00eda sostenible. La ciencia agropecuaria uruguaya no mira desde afuera el mundo que cambia, lo est\u00e1 construyendo.\u201d<\/p>\n<p><strong>Tecnolog\u00eda <\/strong><\/p>\n<p>\u201cDefinimos la construcci\u00f3n de dos nuevos data center de Antel, uno en Pando, especializado en inteligencia artificial, con una inversi\u00f3n de 8 millones de d\u00f3lares, y un segundo en Montevideo, para la redundancia geogr\u00e1fica y seguridad de la informaci\u00f3n. Ceibal sigue siendo ese puente entre las ideas y el futuro. En marzo del a\u00f1o pasado, lanzamos el primer laboratorio regional de inteligencia artificial en educaci\u00f3n. M\u00e1s de 40 proyectos innovadores<\/p>\n<p>presentados al mundo, casi 100.000 estudiantes aprendiendo pensamiento computacional e inteligencia artificial. Casi 10.000 j\u00f3venes compitiendo en las Olimp\u00edadas de Rob\u00f3tica, Programaci\u00f3n y Videojuegos.\u201d<\/p>\n<p><strong>Iluminaci\u00f3n de canchas de baby futbol <\/strong><\/p>\n<p>\u201cEste a\u00f1o, adem\u00e1s, comenzaremos a iluminar las canchas de f\u00fatbol infantil en todo el<\/p>\n<p>pa\u00eds. UTE asumir\u00e1 los costos de materiales y ejecuci\u00f3n de obras y contratar\u00e1<\/p>\n<p>cooperativas de trabajo en todos los departamentos para llevar adelante ese trabajo.\u201d<\/p>\n<p><strong>Industrializaci\u00f3n <\/strong><\/p>\n<p>\u201cAvanzamos en el dise\u00f1o de una nueva pol\u00edtica industrial con horizonte 2050, instalando<\/p>\n<p>el Consejo de Industria como \u00e1mbito permanente de di\u00e1logo y poniendo en marcha<\/p>\n<p>n\u00facleos productivos sectoriales. Vamos a instalar el Parque Tecnol\u00f3gico Regional Norte<\/p>\n<p>en Rivera, como polo binacional de innovaci\u00f3n en inteligencia artificial.<\/p>\n<p>Tengo el pleno convencimiento de que, como Estado, debemos poner a disposici\u00f3n del<\/p>\n<p>sector privado herramientas que faciliten la concreci\u00f3n de inversiones. El a\u00f1o pasado<\/p>\n<p>desplegamos un conjunto de medidas orientadas a simplificar y transformar los procedimientos vinculados al comercio exterior.<\/p>\n<p>Tambi\u00e9n modernizamos nuestro esquema de promoci\u00f3n de inversiones. Redoblamos la<\/p>\n<p>apuesta, con nuevas iniciativas, algunas de las cuales ser\u00e1n anunciadas en pr\u00f3ximos d\u00edas<\/p>\n<p>y otras a trav\u00e9s de la Ley de Competitividad e Innovaci\u00f3n, que presentaremos ante este<\/p>\n<p>Parlamento en el primer semestre del a\u00f1o.<\/p>\n<p><strong>\u201cEste es mi plan\u201d<\/strong><\/p>\n<p>Finalmente Yamandu Orsi se expres\u00f3 en primera persona y dijo \u201ceste es mi plan\u201d, habl\u00f3 de los compromisos asumidos que se est\u00e1n cumpliendo y los que se est\u00e1n por complir y de la territorialidad e historia del Uruguay. Culmin\u00f3 expresando sobre su persona, diciendo: \u201cmi compromiso es la constancia, no los gestos grandilocuentes\u201d<\/p>\n<p>\u201cM\u00e1s del 80% de compromisos asumidos est\u00e1n en marcha. Esto es un punto de apoyo,<\/p>\n<p>porque ahora empieza otra etapa: la de consolidar, la de profundizar, la de transformar<\/p>\n<p>lo que ya est\u00e1 en camino. Creo en un Estado que marca el rumbo, en empresas que inviertan, con trabajadores que defiendan sus derechos y apuesten al desarrollo, academia, organizaciones sociales, gobiernos departamentales, necesitamos a la sociedad caminando junta. Sabemos a d\u00f3nde vamos, m\u00e1s empleo de calidad, m\u00e1s conocimiento aplicado, m\u00e1s<\/p>\n<p>producci\u00f3n con valor agregado, m\u00e1s integraci\u00f3n regional, un pa\u00eds que exporta<\/p>\n<p>inteligencia, adem\u00e1s de materia prima, que cuida el agua y la tierra, que no deja ning\u00fan<\/p>\n<p>departamento atr\u00e1s, porque entiende que el desarrollo sin equidad territorial no es<\/p>\n<p>desarrollo, es concentraci\u00f3n.<\/p>\n<p>Ese es el rumbo. No tengan dudas, mi compromiso es la constancia, no los gestos<\/p>\n<p>grandilocuentes. Mis decisiones son las que sostienen, no la que declaran soluciones<\/p>\n<p>m\u00e1gicas, porque la verdadera fortaleza de un gobierno est\u00e1 en la claridad de su direcci\u00f3n y en la responsabilidad de cuidar este pa\u00eds tranquilo que tanto nos identifica.<\/p>\n<p>A comienzo del siglo XX, mientras el mundo recortaba derechos, Uruguay se anim\u00f3 a<\/p>\n<p>crear su propia f\u00f3rmula, el voto femenino, la jornada de 8 horas, la educaci\u00f3n laica<\/p>\n<p>gratuita, la separaci\u00f3n de la iglesia y del Estado.<\/p>\n<p>No copiamos a nadie, construimos algo propio. Hoy, en un mundo que se fragmenta y<\/p>\n<p>busca atajos, Uruguay tiene la misma obligaci\u00f3n de siempre, ser el ejemplo de que las<\/p>\n<p>transformaciones profundas se construyen con paciencia, con convicci\u00f3n y con la gente<\/p>\n<p>adentro. Fuimos faro entonces, podemos serlo ahora.<\/p>\n<p>Un pa\u00eds para crecer es un pa\u00eds que cuida su convivencia, que no improvisa ni cambia de<\/p>\n<p>direcci\u00f3n seg\u00fan el ruido del momento, que entiende que la estabilidad es un valor y que<\/p>\n<p>hace de ese atributo una bandera.<\/p>\n<p>Ese es el Uruguay que estamos construyendo con los pies en la tierra y con la<\/p>\n<p>mirada al futuro y con la convicci\u00f3n de que gobernar es todos los d\u00edas hacer, crecer y<\/p>\n<p>cuidar lo que somos, sin que nadie quede atr\u00e1s.<\/p>\n<p>&nbsp;<\/p>\n","protected":false},"excerpt":{"rendered":"<p>En un discurso centrado en la rendici\u00f3n de cuentas y la proyecci\u00f3n estrat\u00e9gica del pa\u00eds, el presidente Yamand\u00fa Orsi realiz\u00f3 un balance de su primer a\u00f1o de gesti\u00f3n ante la Asamblea General. Destac\u00f3 que m\u00e1s del 80% de las prioridades definidas est\u00e1n en marcha, defendi\u00f3 el rumbo econ\u00f3mico y social del gobierno y anunci\u00f3 nuevas [&hellip;]<\/p>\n","protected":false},"author":4,"featured_media":10003,"comment_status":"closed","ping_status":"closed","sticky":false,"template":"","format":"standard","meta":{"_monsterinsights_skip_tracking":false,"_monsterinsights_sitenote_active":false,"_monsterinsights_sitenote_note":"","_monsterinsights_sitenote_category":0,"footnotes":""},"categories":[5,3],"tags":[],"class_list":["post-10002","post","type-post","status-publish","format-standard","has-post-thumbnail","hentry","category-durazno","category-nacionales"],"_links":{"self":[{"href":"https:\/\/paginacero.com.uy\/index.php?rest_route=\/wp\/v2\/posts\/10002","targetHints":{"allow":["GET"]}}],"collection":[{"href":"https:\/\/paginacero.com.uy\/index.php?rest_route=\/wp\/v2\/posts"}],"about":[{"href":"https:\/\/paginacero.com.uy\/index.php?rest_route=\/wp\/v2\/types\/post"}],"author":[{"embeddable":true,"href":"https:\/\/paginacero.com.uy\/index.php?rest_route=\/wp\/v2\/users\/4"}],"replies":[{"embeddable":true,"href":"https:\/\/paginacero.com.uy\/index.php?rest_route=%2Fwp%2Fv2%2Fcomments&post=10002"}],"version-history":[{"count":1,"href":"https:\/\/paginacero.com.uy\/index.php?rest_route=\/wp\/v2\/posts\/10002\/revisions"}],"predecessor-version":[{"id":10004,"href":"https:\/\/paginacero.com.uy\/index.php?rest_route=\/wp\/v2\/posts\/10002\/revisions\/10004"}],"wp:featuredmedia":[{"embeddable":true,"href":"https:\/\/paginacero.com.uy\/index.php?rest_route=\/wp\/v2\/media\/10003"}],"wp:attachment":[{"href":"https:\/\/paginacero.com.uy\/index.php?rest_route=%2Fwp%2Fv2%2Fmedia&parent=10002"}],"wp:term":[{"taxonomy":"category","embeddable":true,"href":"https:\/\/paginacero.com.uy\/index.php?rest_route=%2Fwp%2Fv2%2Fcategories&post=10002"},{"taxonomy":"post_tag","embeddable":true,"href":"https:\/\/paginacero.com.uy\/index.php?rest_route=%2Fwp%2Fv2%2Ftags&post=10002"}],"curies":[{"name":"wp","href":"https:\/\/api.w.org\/{rel}","templated":true}]}}